{"id":803,"date":"2016-09-17T16:11:30","date_gmt":"2016-09-17T14:11:30","guid":{"rendered":"http:\/\/freiburger-schreibkiste.de\/?p=803"},"modified":"2016-09-17T16:12:36","modified_gmt":"2016-09-17T14:12:36","slug":"literaturprojekt-hausbesuch-guy-helminger-besucht-in-freiburg-unter-anderem-einen-fluechtling-und-ein-sc-heimspiel","status":"publish","type":"post","link":"https:\/\/freiburger-schreibkiste.de\/?p=803","title":{"rendered":"Literaturprojekt &#8222;Hausbesuch&#8220;: Guy Helminger besucht in Freiburg unter anderem einen Fl\u00fcchtling und ein SC-Heimspiel."},"content":{"rendered":"<div id=\"attachment_621\" style=\"width: 310px\" class=\"wp-caption alignright\"><img loading=\"lazy\" decoding=\"async\" aria-describedby=\"caption-attachment-621\" class=\"size-medium wp-image-621\" src=\"http:\/\/freiburger-schreibkiste.de\/wp-content\/uploads\/2016\/08\/Contens491x213_Selbstportrait_Guy_Helminger__Guy_Helminger-300x130.jpg\" alt=\"Selbstportrait Guy Helminger\" width=\"300\" height=\"130\" srcset=\"https:\/\/freiburger-schreibkiste.de\/wp-content\/uploads\/2016\/08\/Contens491x213_Selbstportrait_Guy_Helminger__Guy_Helminger-300x130.jpg 300w, https:\/\/freiburger-schreibkiste.de\/wp-content\/uploads\/2016\/08\/Contens491x213_Selbstportrait_Guy_Helminger__Guy_Helminger.jpg 491w\" sizes=\"auto, (max-width: 300px) 100vw, 300px\" \/><p id=\"caption-attachment-621\" class=\"wp-caption-text\">Selbstportrait Guy Helminger<\/p><\/div>\n<p><strong>Europ\u00e4isches Literaturprojekt &#8222;Hausbesuch&#8220; geht in die zweite Runde<\/strong><\/p>\n<p>Mit dem Projekt \u201eHausbesuch\u201c bringt das Goethe-Institut von Mai bis Oktober 2016 zehn bekannte Autorinnen und Autoren aus den L\u00e4ndern Belgien, Deutschland, Frankreich, Italien, Luxemburg, Portugal und Spanien ins Gespr\u00e4ch mit privaten Gastgebern in Europa.<\/p>\n<p>Nach dem Besuch von Katja-Lange-M\u00fcller, die mittlerweile mit ihrem neuen Roman &#8222;Dreht\u00fcr&#8220; auf der Longlist f\u00fcr den Deutschen Buchpreis steht, kommt der aus Luxemburg stammende Autor Guy Helminger vom 18. bis zum 21. September nach seinem Hausbesuch in Porto nun nach Freiburg.<\/p>\n<p>Guy Helminger, geboren 1963 in Esch\/Alzette, schreibt Lyrik, Prosa, H\u00f6rspiele und Theaterst\u00fccke. In K\u00f6ln moderiert Helminger gemeinsam mit Navid Kermani den &#8222;Literarischen Salon International&#8220;. Zahlreiche Reisen f\u00fchrten ihn nach Afrika, Asien, Indien, Neuseeland und in die USA. Sein letzter Roman &#8222;Neubrasilien&#8220; erschien 2010. Guy Helminger erhielt mehrere Preise, u. a. den 3sat-Kulturpreis.<\/p>\n<p>Wie Katja-Lange-M\u00fcller, fasst auch Guy Helminger den Begriff des &#8222;Hausbesuchs&#8220; weit und beleuchtet Freiburg aus einer eher ungewohnten Perspektive: Bei seinem ersten &#8222;Hausbesuch&#8220; ist Helminger zu Gast bei dem renommierten syrischen Theaterkritiker Abdulnaser Hasso, der in Emmendingen als Fl\u00fcchtling lebt und derzeit im Goethe-Institut Freiburg Deutsch lernt. Sein zweiter &#8222;Hausbesuch&#8220; gilt der Fu\u00dfball-Fanszene in Freiburg beim n\u00e4chsten Heimspiel des SC Freiburg gegen den Hamburger SV im Freiburger Schwarzwaldstadion.<\/p>\n<p>Alle Schriftstellerinnen und Schriftsteller dieses Projektes verarbeiten ihre Reiseerlebnisse auch literarisch. Ihre Texte werden im Fr\u00fchjahr 2017 als E-Book in f\u00fcnf Sprachen herausgegeben und auf der Leipziger Buchmesse vorgestellt.<\/p>\n<p><em>&#8222;Hausbesuch\u201c ist ein Projekt des Goethe-Instituts in Belgien, Deutschland, Frankreich, Italien, Luxemburg, Portugal und Spanien. In Freiburg werden die &#8222;Hausbesuche&#8220; vom Goethe-Institut Freiburg in Kooperation mit dem Literaturb\u00fcro Freiburg durchgef\u00fchrt.<br \/>\n<\/em><\/p>\n<p><strong><em>Weitere Informationen<\/em><\/strong><em>: <\/em><a href=\"https:\/\/www.goethe.de\/hausbesuch\"><em>https:\/\/www.goethe.de\/hausbesuch<\/em><\/a><\/p>\n","protected":false},"excerpt":{"rendered":"<p>Europ\u00e4isches Literaturprojekt &#8222;Hausbesuch&#8220; geht in die zweite Runde Mit dem Projekt \u201eHausbesuch\u201c bringt das Goethe-Institut von Mai bis Oktober 2016 zehn bekannte Autorinnen und Autoren aus den L\u00e4ndern Belgien, Deutschland, Frankreich, Italien, Luxemburg, Portugal und Spanien ins Gespr\u00e4ch mit privaten&#8230;<\/p>\n","protected":false},"author":2,"featured_media":0,"comment_status":"open","ping_status":"open","sticky":false,"template":"","format":"standard","meta":{"jetpack_post_was_ever_published":false,"_jetpack_newsletter_access":"","_jetpack_dont_email_post_to_subs":false,"_jetpack_newsletter_tier_id":0,"_jetpack_memberships_contains_paywalled_content":false,"_jetpack_memberships_contains_paid_content":false,"footnotes":"","jetpack_publicize_message":"","jetpack_publicize_feature_enabled":true,"jetpack_social_post_already_shared":true,"jetpack_social_options":{"image_generator_settings":{"template":"highway","default_image_id":0,"font":"","enabled":false},"version":2}},"categories":[1],"tags":[],"class_list":["post-803","post","type-post","status-publish","format-standard","hentry","category-nachrichten"],"jetpack_publicize_connections":[],"jetpack_featured_media_url":"","jetpack_sharing_enabled":true,"jetpack_shortlink":"https:\/\/wp.me\/p7mgmt-cX","_links":{"self":[{"href":"https:\/\/freiburger-schreibkiste.de\/index.php?rest_route=\/wp\/v2\/posts\/803","targetHints":{"allow":["GET"]}}],"collection":[{"href":"https:\/\/freiburger-schreibkiste.de\/index.php?rest_route=\/wp\/v2\/posts"}],"about":[{"href":"https:\/\/freiburger-schreibkiste.de\/index.php?rest_route=\/wp\/v2\/types\/post"}],"author":[{"embeddable":true,"href":"https:\/\/freiburger-schreibkiste.de\/index.php?rest_route=\/wp\/v2\/users\/2"}],"replies":[{"embeddable":true,"href":"https:\/\/freiburger-schreibkiste.de\/index.php?rest_route=%2Fwp%2Fv2%2Fcomments&post=803"}],"version-history":[{"count":0,"href":"https:\/\/freiburger-schreibkiste.de\/index.php?rest_route=\/wp\/v2\/posts\/803\/revisions"}],"wp:attachment":[{"href":"https:\/\/freiburger-schreibkiste.de\/index.php?rest_route=%2Fwp%2Fv2%2Fmedia&parent=803"}],"wp:term":[{"taxonomy":"category","embeddable":true,"href":"https:\/\/freiburger-schreibkiste.de\/index.php?rest_route=%2Fwp%2Fv2%2Fcategories&post=803"},{"taxonomy":"post_tag","embeddable":true,"href":"https:\/\/freiburger-schreibkiste.de\/index.php?rest_route=%2Fwp%2Fv2%2Ftags&post=803"}],"curies":[{"name":"wp","href":"https:\/\/api.w.org\/{rel}","templated":true}]}}