{"id":7454,"date":"2026-09-01T11:01:42","date_gmt":"2026-09-01T09:01:42","guid":{"rendered":"https:\/\/freiburger-schreibkiste.de\/?p=7454"},"modified":"2026-08-25T11:04:57","modified_gmt":"2026-08-25T09:04:57","slug":"waehrend-der-woche-der-demenz-21-bis-27-september-gibt-es-in-der-stadtbibliothek-freiburg-muensterplatz-17-einen-buechertisch-rund-um-das-thema-demenz","status":"publish","type":"post","link":"https:\/\/freiburger-schreibkiste.de\/?p=7454","title":{"rendered":"W\u00e4hrend der Woche der Demenz (21. bis 27. September) gibt es in der Stadtbibliothek Freiburg, M\u00fcnsterplatz 17, einen B\u00fcchertisch rund um das Thema Demenz."},"content":{"rendered":"<h1 class=\"event-title entry-title\">B\u00fcchertisch zum Thema Demenz<\/h1>\n<div class=\"entry-content\">\n<div id=\"em-view-6\" class=\"em em-view-container\" data-view=\"event\">\n<div id=\"em-event-6\" class=\"em pixelbones em-item em-item-single em-event em-event-single em-event-542 size-medium\" data-view-id=\"6\">\n<section class=\"em-item-header\">\n<div class=\"em-item-meta\">\n<section class=\"em-item-meta-column\">\n<section class=\"em-event-where\">\n<div class=\"em-item-meta-line em-event-location\">\n<div><a href=\"https:\/\/freiburger-schreibkiste.de\/?location=stadtbibliiothek-freiburg\">Stadtbibliothek Freiburg<\/a><br \/>\nM\u00fcnsterplatz 17, Freiburg<\/div>\n<\/div>\n<\/section>\n<\/section>\n<\/div>\n<\/section>\n<section class=\"em-event-location\"><\/section>\n<section class=\"em-event-content\">W\u00e4hrend der Woche der Demenz (21. bis 27. September) gibt es in der Stadtbibliothek Freiburg, M\u00fcnsterplatz 17, einen B\u00fcchertisch rund um das Thema Demenz. In Kooperation mit dem Seniorenb\u00fcro der Stadt Freiburg.<\/p>\n<p><strong>Hauptstelle, M\u00fcnsterplatz 17, EG<\/strong><\/p>\n<\/section>\n<\/div>\n<\/div>\n<\/div>\n","protected":false},"excerpt":{"rendered":"<p>B\u00fcchertisch zum Thema Demenz Stadtbibliothek Freiburg M\u00fcnsterplatz 17, Freiburg W\u00e4hrend der Woche der Demenz (21. bis 27. September) gibt es in der Stadtbibliothek Freiburg, M\u00fcnsterplatz 17, einen B\u00fcchertisch rund um das Thema Demenz. In Kooperation mit dem Seniorenb\u00fcro der Stadt&#8230;<\/p>\n","protected":false},"author":2,"featured_media":0,"comment_status":"closed","ping_status":"open","sticky":false,"template":"","format":"standard","meta":{"_jetpack_newsletter_access":"","_jetpack_dont_email_post_to_subs":false,"_jetpack_newsletter_tier_id":0,"_jetpack_memberships_contains_paywalled_content":false,"_jetpack_feature_clip_id":0,"_jetpack_memberships_contains_paid_content":false,"footnotes":"","jetpack_publicize_message":"","jetpack_publicize_feature_enabled":true,"jetpack_social_post_already_shared":true,"jetpack_social_options":{"image_generator_settings":{"template":"highway","default_image_id":0,"font":"","enabled":false},"version":2},"jetpack_post_was_ever_published":false},"categories":[1],"tags":[],"class_list":["post-7454","post","type-post","status-publish","format-standard","hentry","category-nachrichten"],"jetpack_publicize_connections":[],"jetpack_sharing_enabled":true,"jetpack_shortlink":"https:\/\/wp.me\/p7mgmt-1We","jetpack_featured_media_url":"","_links":{"self":[{"href":"https:\/\/freiburger-schreibkiste.de\/index.php?rest_route=\/wp\/v2\/posts\/7454","targetHints":{"allow":["GET"]}}],"collection":[{"href":"https:\/\/freiburger-schreibkiste.de\/index.php?rest_route=\/wp\/v2\/posts"}],"about":[{"href":"https:\/\/freiburger-schreibkiste.de\/index.php?rest_route=\/wp\/v2\/types\/post"}],"author":[{"embeddable":true,"href":"https:\/\/freiburger-schreibkiste.de\/index.php?rest_route=\/wp\/v2\/users\/2"}],"replies":[{"embeddable":true,"href":"https:\/\/freiburger-schreibkiste.de\/index.php?rest_route=%2Fwp%2Fv2%2Fcomments&post=7454"}],"version-history":[{"count":1,"href":"https:\/\/freiburger-schreibkiste.de\/index.php?rest_route=\/wp\/v2\/posts\/7454\/revisions"}],"predecessor-version":[{"id":7457,"href":"https:\/\/freiburger-schreibkiste.de\/index.php?rest_route=\/wp\/v2\/posts\/7454\/revisions\/7457"}],"wp:attachment":[{"href":"https:\/\/freiburger-schreibkiste.de\/index.php?rest_route=%2Fwp%2Fv2%2Fmedia&parent=7454"}],"wp:term":[{"taxonomy":"category","embeddable":true,"href":"https:\/\/freiburger-schreibkiste.de\/index.php?rest_route=%2Fwp%2Fv2%2Fcategories&post=7454"},{"taxonomy":"post_tag","embeddable":true,"href":"https:\/\/freiburger-schreibkiste.de\/index.php?rest_route=%2Fwp%2Fv2%2Ftags&post=7454"}],"curies":[{"name":"wp","href":"https:\/\/api.w.org\/{rel}","templated":true}]}}