{"id":7209,"date":"2026-03-12T12:14:57","date_gmt":"2026-03-12T11:14:57","guid":{"rendered":"https:\/\/freiburger-schreibkiste.de\/?p=7209"},"modified":"2026-03-03T15:16:29","modified_gmt":"2026-03-03T14:16:29","slug":"du-fliegst-nie-lange-am-17-april-liest-sylvia-schmieder-in-der-kulturkapelle-guenterstal-aus-ihren-buechern","status":"publish","type":"post","link":"https:\/\/freiburger-schreibkiste.de\/?p=7209","title":{"rendered":"&#8222;Du fliegst nie lange &#8230;&#8220; Am 17. April liest Sylvia Schmieder in der Kulturkapelle G\u00fcnterstal aus ihren B\u00fcchern."},"content":{"rendered":"<p>Prosa und Lyrik von Sylvia Schmieder<\/p>\n<p><strong><em>Lesung am 17.04.2026, 19:30 Uhr<br \/>\nin der <\/em><\/strong><a href=\"https:\/\/evangelisch-freiburg-ost.de\/musik-kultur\/kulturkapelle\/\"><strong><em>\u201eKulturkapelle\u201c<\/em><\/strong><\/a><strong><em>, Kybfelsenstra\u00dfe 17, 79100 Freiburg<\/em><\/strong><\/p>\n<p><em>Sylvia Schmieder hat einen Roman geschrieben, der auf vielen Ebenen begeistert. Die Lekt\u00fcre wird zur faszinierenden Zeitreise. Maris Familie spiegelt eine Gesellschaft, die droht, von gr\u00f6\u00dftm\u00f6glichen Gegens\u00e4tzen zerrissen zu werden. Ihren Auftrag, uns einen Zugang zum Verstehen zu erm\u00f6glichen, hat sie am Ende des Romans meisterhaft erf\u00fcllt!<\/em>, schreibt Buchbloggerin Britta R\u00f6der \u00fcber den Roman <em>zusammen bleiben. <\/em>Er basiert auf authentischen Berichten der Familie der Autorin. Dreh- und Angelpunkt der Geschichte ist die ungarische Gro\u00dfmutter, deren Familie im Zweiten Weltkrieg einer au\u00dfergew\u00f6hnlichen Zerrei\u00dfprobe ausgesetzt war: Ihr Mann war gl\u00fchender Nazi und bei der SS, ihr Bruder als kritischer Journalist im KZ.<br \/>\nAls ehemalige G\u00fcnterst\u00e4lerin wird die Autorin au\u00dferdem kurze Texte mit direktem Bezug zu diesem besonderen Stadtteil lesen.<\/p>\n<p><em>Sylvia Schmieder<\/em><strong>, <\/strong>geboren in Frankfurt\/Main, studierte Germanistik, Musikwissenschaft und Philosophie in Freiburg\/Breisgau, wo sie auch heute lebt. Sie arbeitete viele Jahre als Werbetexterin und Journalistin und schrieb nebenher literarische Texte. Mit 49 k\u00fcndigte sie ihre Stelle, um sich auf das literarische Schreiben zu konzentrieren. Heute leitet sie Schreibwerkst\u00e4tten und Lesekreise, arbeitet als Lektorin und betreibt gemeinsam mit ihrem Mann die Website <em>freiburger-schreibkiste.de<\/em>. Zahlreiche Ver\u00f6ffentlichungen von Lyrik und Prosa. 2020 und 2026 Arbeitsstipendium des FdS Baden-W\u00fcrttemberg, 2024 Literaturpreis federleicht. 2021 erschien der Nature-Writing-Roman <em>Saling aus dem Wald<\/em>, 2022 der Gedichtband <em>Freiburg Meditationen<\/em>, 2023 <em>zusammen bleiben, <\/em>alle in der <em>edition federleicht<\/em>.<\/p>\n","protected":false},"excerpt":{"rendered":"<p>Prosa und Lyrik von Sylvia Schmieder Lesung am 17.04.2026, 19:30 Uhr in der \u201eKulturkapelle\u201c, Kybfelsenstra\u00dfe 17, 79100 Freiburg Sylvia Schmieder hat einen Roman geschrieben, der auf vielen Ebenen begeistert. Die Lekt\u00fcre wird zur faszinierenden Zeitreise. Maris Familie spiegelt eine Gesellschaft,&#8230;<\/p>\n","protected":false},"author":2,"featured_media":0,"comment_status":"closed","ping_status":"open","sticky":false,"template":"","format":"standard","meta":{"jetpack_post_was_ever_published":false,"_jetpack_newsletter_access":"","_jetpack_dont_email_post_to_subs":false,"_jetpack_newsletter_tier_id":0,"_jetpack_memberships_contains_paywalled_content":false,"_jetpack_memberships_contains_paid_content":false,"footnotes":"","jetpack_publicize_message":"","jetpack_publicize_feature_enabled":true,"jetpack_social_post_already_shared":true,"jetpack_social_options":{"image_generator_settings":{"template":"highway","default_image_id":0,"font":"","enabled":false},"version":2}},"categories":[1],"tags":[],"class_list":["post-7209","post","type-post","status-publish","format-standard","hentry","category-nachrichten"],"jetpack_publicize_connections":[],"jetpack_featured_media_url":"","jetpack_sharing_enabled":true,"jetpack_shortlink":"https:\/\/wp.me\/p7mgmt-1Sh","_links":{"self":[{"href":"https:\/\/freiburger-schreibkiste.de\/index.php?rest_route=\/wp\/v2\/posts\/7209","targetHints":{"allow":["GET"]}}],"collection":[{"href":"https:\/\/freiburger-schreibkiste.de\/index.php?rest_route=\/wp\/v2\/posts"}],"about":[{"href":"https:\/\/freiburger-schreibkiste.de\/index.php?rest_route=\/wp\/v2\/types\/post"}],"author":[{"embeddable":true,"href":"https:\/\/freiburger-schreibkiste.de\/index.php?rest_route=\/wp\/v2\/users\/2"}],"replies":[{"embeddable":true,"href":"https:\/\/freiburger-schreibkiste.de\/index.php?rest_route=%2Fwp%2Fv2%2Fcomments&post=7209"}],"version-history":[{"count":0,"href":"https:\/\/freiburger-schreibkiste.de\/index.php?rest_route=\/wp\/v2\/posts\/7209\/revisions"}],"wp:attachment":[{"href":"https:\/\/freiburger-schreibkiste.de\/index.php?rest_route=%2Fwp%2Fv2%2Fmedia&parent=7209"}],"wp:term":[{"taxonomy":"category","embeddable":true,"href":"https:\/\/freiburger-schreibkiste.de\/index.php?rest_route=%2Fwp%2Fv2%2Fcategories&post=7209"},{"taxonomy":"post_tag","embeddable":true,"href":"https:\/\/freiburger-schreibkiste.de\/index.php?rest_route=%2Fwp%2Fv2%2Ftags&post=7209"}],"curies":[{"name":"wp","href":"https:\/\/api.w.org\/{rel}","templated":true}]}}