{"id":7178,"date":"2026-01-28T11:19:12","date_gmt":"2026-01-28T10:19:12","guid":{"rendered":"https:\/\/freiburger-schreibkiste.de\/?p=7178"},"modified":"2026-01-28T11:20:26","modified_gmt":"2026-01-28T10:20:26","slug":"am-27-februar-liest-ute-bales-im-foersterhaus-reute-aus-ihrem-buch-grosses-ey-und-laesst-die-geschichte-einer-einfachen-frau-und-kunstfoerderin-um-den-ersten-weltkrieg-herum-lebendig-werden","status":"publish","type":"post","link":"https:\/\/freiburger-schreibkiste.de\/?p=7178","title":{"rendered":"Am 27. Februar liest Ute Bales im F\u00f6rsterhaus Reute aus ihrem Buch &#8222;Gro\u00dfes Ey&#8220; und l\u00e4sst die Geschichte einer einfachen Frau und Kunstf\u00f6rderin um den Ersten Weltkrieg herum lebendig werden."},"content":{"rendered":"<div id=\"content\">\n<div class=\"inner\">\n<article>\n<h4>Ute Bales liest aus ihrem Buch &#8222;Gro\u00dfes Ey&#8220;<\/h4>\n<h3><span class=\"datum\"> 27.02.2026, 19:00 Uhr<\/span><\/h3>\n<section>1907 er\u00f6ffnet Johanna Ey unter \u00e4rmlichen Bedingungen einen Backwarenladen in Du\u0308sseldorf. Sie ist 43 Jahre alt und nach einer leidvollen Ehe mit einem Alkoholiker, in der sie zw\u00f6lf Kinder geboren hat, von denen nur vier am Leben blieben, v\u00f6llig auf sich gestellt.\u00a0Weil bei ihr Kaffee und Br\u00f6tchen billig sind, wird der Laden bald zum Treffpunkt von Studenten der nahen Kunstakademie. Johanna, selbst ein entbehrungsreiches Leben gew\u00f6hnt, fu\u0308hlt sich den mittellosen Ku\u0308nstlern verbunden. Wer kein Geld hat, darf anschreiben lassen, gelegentlich auch mit Bildern bezahlen. Bald beginnt hinter der Br\u00f6tchentheke eine Kunstsammlung zu wachsen.\u00a0Mit Ausbruch des Ersten Weltkrieges muss Johanna ihr Gesch\u00e4ft schlie\u00dfen. Die ihr verbliebenen Bilder verkauft sie und entdeckt, dass man damit Geld verdienen kann. Sie spielt mit dem Gedanken, eine Kunsthandlung aufzumachen. \u00bbWas meinst du, kann ich das schaffen, jetzt, wo ihr alle im Krieg seid?\u00ab, fragt sie einen der Ku\u0308nstler. \u00bbWenn eine es schafft, dann du\u00ab, antwortet der.Ute Bales ist Autorin zahlreicher B\u00fccher, die sie nicht nur auf der Frankfurter Buchmesse pr\u00e4sentiert hat. Sie studierte Germanistik, Politikwissenschaft und Kunst in Gie\u00dfen und Freiburg\/Breisgau, wo sie lebt und arbeitet.<\/p>\n<p>F\u00fcr kleine Speisen und Getr\u00e4nke ist gesorgt.<\/p>\n<p>Eintritt: 13 Euro, f\u00fcr Vereinsmitglieder 11 Euro.<\/p>\n<p>Anmeldung per E-Mail an <a href=\"mailto:julia.neukamm@gmx.de\">julia.neukamm@gmx.de<\/a>. Die Platzzahl ist begrenzt.<\/p>\n<p>F\u00f6rsterhaus Reute<br \/>\nHauptstra\u00dfe 4<br \/>\n79276 Reute<\/p>\n<p><a href=\"https:\/\/foersterhaus-reute.de\/\">https:\/\/foersterhaus-reute.de\/<\/a><\/p>\n<\/section>\n<\/article>\n<\/div>\n<\/div>\n","protected":false},"excerpt":{"rendered":"<p>Ute Bales liest aus ihrem Buch &#8222;Gro\u00dfes Ey&#8220; 27.02.2026, 19:00 Uhr 1907 er\u00f6ffnet Johanna Ey unter \u00e4rmlichen Bedingungen einen Backwarenladen in Du\u0308sseldorf. Sie ist 43 Jahre alt und nach einer leidvollen Ehe mit einem Alkoholiker, in der sie zw\u00f6lf Kinder&#8230;<\/p>\n","protected":false},"author":2,"featured_media":0,"comment_status":"closed","ping_status":"open","sticky":false,"template":"","format":"standard","meta":{"jetpack_post_was_ever_published":false,"_jetpack_newsletter_access":"","_jetpack_dont_email_post_to_subs":false,"_jetpack_newsletter_tier_id":0,"_jetpack_memberships_contains_paywalled_content":false,"_jetpack_memberships_contains_paid_content":false,"footnotes":"","jetpack_publicize_message":"","jetpack_publicize_feature_enabled":true,"jetpack_social_post_already_shared":true,"jetpack_social_options":{"image_generator_settings":{"template":"highway","default_image_id":0,"font":"","enabled":false},"version":2}},"categories":[1],"tags":[],"class_list":["post-7178","post","type-post","status-publish","format-standard","hentry","category-nachrichten"],"jetpack_publicize_connections":[],"jetpack_featured_media_url":"","jetpack_sharing_enabled":true,"jetpack_shortlink":"https:\/\/wp.me\/p7mgmt-1RM","_links":{"self":[{"href":"https:\/\/freiburger-schreibkiste.de\/index.php?rest_route=\/wp\/v2\/posts\/7178","targetHints":{"allow":["GET"]}}],"collection":[{"href":"https:\/\/freiburger-schreibkiste.de\/index.php?rest_route=\/wp\/v2\/posts"}],"about":[{"href":"https:\/\/freiburger-schreibkiste.de\/index.php?rest_route=\/wp\/v2\/types\/post"}],"author":[{"embeddable":true,"href":"https:\/\/freiburger-schreibkiste.de\/index.php?rest_route=\/wp\/v2\/users\/2"}],"replies":[{"embeddable":true,"href":"https:\/\/freiburger-schreibkiste.de\/index.php?rest_route=%2Fwp%2Fv2%2Fcomments&post=7178"}],"version-history":[{"count":0,"href":"https:\/\/freiburger-schreibkiste.de\/index.php?rest_route=\/wp\/v2\/posts\/7178\/revisions"}],"wp:attachment":[{"href":"https:\/\/freiburger-schreibkiste.de\/index.php?rest_route=%2Fwp%2Fv2%2Fmedia&parent=7178"}],"wp:term":[{"taxonomy":"category","embeddable":true,"href":"https:\/\/freiburger-schreibkiste.de\/index.php?rest_route=%2Fwp%2Fv2%2Fcategories&post=7178"},{"taxonomy":"post_tag","embeddable":true,"href":"https:\/\/freiburger-schreibkiste.de\/index.php?rest_route=%2Fwp%2Fv2%2Ftags&post=7178"}],"curies":[{"name":"wp","href":"https:\/\/api.w.org\/{rel}","templated":true}]}}