{"id":7169,"date":"2026-01-25T16:46:31","date_gmt":"2026-01-25T15:46:31","guid":{"rendered":"https:\/\/freiburger-schreibkiste.de\/?p=7169"},"modified":"2026-01-22T16:51:27","modified_gmt":"2026-01-22T15:51:27","slug":"in-der-reihe-hommage-an-eine-waghalsige-des-literaturhauses-wird-am-3-maerz-die-autorin-clarice-lispector-vorgestellt-ausgewaehlte-erzaehlungen-liest-die-schauspielerin-laura-palacios","status":"publish","type":"post","link":"https:\/\/freiburger-schreibkiste.de\/?p=7169","title":{"rendered":"In der Reihe &#8222;Hommage an eine Waghalsige&#8220; des Literaturhauses wird am 3. M\u00e4rz die Autorin Clarice Lispector vorgestellt. Ausgew\u00e4hlte Erz\u00e4hlungen liest die Schauspielerin Laura Palacios."},"content":{"rendered":"<h2>Clarice Lispector<\/h2>\n<p>Hommage an eine Waghalsige von Sebastian Guggolz<\/p>\n<p>\u201eSie war allein. Sie war verlassen, gl\u00fccklich, nahe dem wilden Herzen\u201c, schreibt Clarice Lispector (1920-1977) \u00fcber Joana, die Protagonistin ihres ersten Romans. 1944 in Brasilien erschienen, machte er die junge Schriftstellerin schlagartig ber\u00fchmt. Es folgte ein radikales und r\u00e4tselhaftes Werk vor allem kurzer Prosa, das gerade von Luis Ruby neu ins Deutsche \u00fcbersetzt und oft mit Virginia Woolf verglichen wird, mit Kafka und Joyce. F\u00fcr den Berliner Verleger Sebastian Guggolz sticht Lispectors Aktualit\u00e4t als Autorin heraus \u2013 ebenso wie ihre stilistische Meisterschaft, gepaart mit grotesker Komik, die viele nachzuahmen versuchen, ohne aber an sie heranzukommen.<\/p>\n<p>In seiner Hommage legt der neue Vorsteher des B\u00f6rsenvereins des Deutschen Buchhandels F\u00e4hrten durch das aufregend unkonventionelle Leben und Werk dieser Lieblingsautorin, die, in der Ukraine geboren und aus \u00e4rmlichen Verh\u00e4ltnissen stammend, sp\u00e4ter in Rio de Janeiro lebte, Jura studierte und eine Karriere als Journalistin begann. Ausgew\u00e4hlte Erz\u00e4hlungen liest die Schauspielerin Laura Palacios.<\/p>\n<p class=\"small\">Datum: 3.3.2026, 19:30 Uhr<br \/>\nOrt: Literaturhaus Freiburg, Bertoldstra\u00dfe 17<br \/>\nEintritt: 11\/7 Euro<\/p>\n<p><a href=\"https:\/\/www.reservix.de\/tickets-clarice-lispector-hommage-an-eine-waghalsige-von-sebastian-guggolz-in-freiburg-im-breisgau-literaturhaus-freiburg-am-3-3-2026\/e2503637\">Karten kaufen<\/a><\/p>\n<div class=\"function\"><a href=\"https:\/\/www.literaturhaus-freiburg.de\/wp-content\/uploads\/2025\/10\/Literaturhaus-Freiburg_Barrierefreiheit.pdf\" target=\"_blank\" rel=\"noopener\">Barrierefreiheit<\/a><\/div>\n","protected":false},"excerpt":{"rendered":"<p>Clarice Lispector Hommage an eine Waghalsige von Sebastian Guggolz \u201eSie war allein. Sie war verlassen, gl\u00fccklich, nahe dem wilden Herzen\u201c, schreibt Clarice Lispector (1920-1977) \u00fcber Joana, die Protagonistin ihres ersten Romans. 1944 in Brasilien erschienen, machte er die junge Schriftstellerin&#8230;<\/p>\n","protected":false},"author":2,"featured_media":0,"comment_status":"closed","ping_status":"open","sticky":false,"template":"","format":"standard","meta":{"jetpack_post_was_ever_published":false,"_jetpack_newsletter_access":"","_jetpack_dont_email_post_to_subs":false,"_jetpack_newsletter_tier_id":0,"_jetpack_memberships_contains_paywalled_content":false,"_jetpack_memberships_contains_paid_content":false,"footnotes":"","jetpack_publicize_message":"","jetpack_publicize_feature_enabled":true,"jetpack_social_post_already_shared":true,"jetpack_social_options":{"image_generator_settings":{"template":"highway","default_image_id":0,"font":"","enabled":false},"version":2}},"categories":[1],"tags":[],"class_list":["post-7169","post","type-post","status-publish","format-standard","hentry","category-nachrichten"],"jetpack_publicize_connections":[],"jetpack_featured_media_url":"","jetpack_sharing_enabled":true,"jetpack_shortlink":"https:\/\/wp.me\/p7mgmt-1RD","_links":{"self":[{"href":"https:\/\/freiburger-schreibkiste.de\/index.php?rest_route=\/wp\/v2\/posts\/7169","targetHints":{"allow":["GET"]}}],"collection":[{"href":"https:\/\/freiburger-schreibkiste.de\/index.php?rest_route=\/wp\/v2\/posts"}],"about":[{"href":"https:\/\/freiburger-schreibkiste.de\/index.php?rest_route=\/wp\/v2\/types\/post"}],"author":[{"embeddable":true,"href":"https:\/\/freiburger-schreibkiste.de\/index.php?rest_route=\/wp\/v2\/users\/2"}],"replies":[{"embeddable":true,"href":"https:\/\/freiburger-schreibkiste.de\/index.php?rest_route=%2Fwp%2Fv2%2Fcomments&post=7169"}],"version-history":[{"count":0,"href":"https:\/\/freiburger-schreibkiste.de\/index.php?rest_route=\/wp\/v2\/posts\/7169\/revisions"}],"wp:attachment":[{"href":"https:\/\/freiburger-schreibkiste.de\/index.php?rest_route=%2Fwp%2Fv2%2Fmedia&parent=7169"}],"wp:term":[{"taxonomy":"category","embeddable":true,"href":"https:\/\/freiburger-schreibkiste.de\/index.php?rest_route=%2Fwp%2Fv2%2Fcategories&post=7169"},{"taxonomy":"post_tag","embeddable":true,"href":"https:\/\/freiburger-schreibkiste.de\/index.php?rest_route=%2Fwp%2Fv2%2Ftags&post=7169"}],"curies":[{"name":"wp","href":"https:\/\/api.w.org\/{rel}","templated":true}]}}