{"id":7165,"date":"2026-01-22T16:34:07","date_gmt":"2026-01-22T15:34:07","guid":{"rendered":"https:\/\/freiburger-schreibkiste.de\/?p=7165"},"modified":"2026-01-22T16:35:31","modified_gmt":"2026-01-22T15:35:31","slug":"was-bleibt-von-uns-wenn-wir-sterben-muessen-in-der-matthias-claudius-kapelle-in-freiburg-guenterstal-liest-manuela-fuelle-am-27-februar-aus-ihrem-neuen-roman-wir-kommen-nach","status":"publish","type":"post","link":"https:\/\/freiburger-schreibkiste.de\/?p=7165","title":{"rendered":"Was bleibt von uns, wenn wir sterben m\u00fcssen? In der Matthias-Claudius-Kapelle in Freiburg G\u00fcnterstal liest Manuela Fuelle am 27. Februar aus ihrem neuen Roman \u201eWir kommen nach\u201c."},"content":{"rendered":"<pre class=\"moz-quote-pre\">Matthias-Claudius-Kapelle, Kybfelsenstr. 17, 79100 Freiburg\r\nBuchvorstellung und Lesung \r\n27.02.2026 \u2013 19:30 Uhr \r\n\r\nManuela Fuelle liest aus ihrem neuen Roman \u201eWir kommen nach\u201c (Stifter Verlag), der von den gro\u00dfen Fragen des Lebens handelt: Was bleibt von uns, wenn wir sterben m\u00fcssen?\r\n\u201eDu bist wie eine Tochter f\u00fcr mich\u201c, sagte sie. Zwei Frauen, zwei Generationen und eine \u00fcber die Jahre wachsende Freundschaft. Mit dem Sterben der \u00c4lteren beginnt das Erinnern und Erz\u00e4hlen der J\u00fcngeren zu erwachen. Die Chronistin der Familie schreibt um ihr emotionales Erbe, deutet, verwirft selten: Der Tod der Schwiegermutter wird zum Tod des eigenen Familien-ICHs \u2013 es wartet eine Wiedergeburt.\r\n\r\nManuela Fuelle, geb.1963 in Ost-Berlin hat Evangelische Theologie und Literarisches Schreiben studiert. 2011 erschien ihr erster Roman \u201eFenster auf, Fenster zu\u201c, sp\u00e4ter der Episodenroman \u201eLuftbad Oberspree\u201c und das \u201eLexikon der Doppelw\u00f6rter\u201c im Derk Jan\u00dfen Verlag. F\u00fcr ihr Werk erhielt sie zahlreiche Stipendien und den Thadd\u00e4us-Troll-Preis.\r\n\r\n\r\nAfterpay - Spende zum Erhalt der Kapelle erbeten<\/pre>\n","protected":false},"excerpt":{"rendered":"<p>Matthias-Claudius-Kapelle, Kybfelsenstr. 17, 79100 Freiburg Buchvorstellung und Lesung 27.02.2026 \u2013 19:30 Uhr Manuela Fuelle liest aus ihrem neuen Roman \u201eWir kommen nach\u201c (Stifter Verlag), der von den gro\u00dfen Fragen des Lebens handelt: Was bleibt von uns, wenn wir sterben m\u00fcssen?&#8230;<\/p>\n","protected":false},"author":2,"featured_media":0,"comment_status":"closed","ping_status":"open","sticky":false,"template":"","format":"standard","meta":{"jetpack_post_was_ever_published":false,"_jetpack_newsletter_access":"","_jetpack_dont_email_post_to_subs":false,"_jetpack_newsletter_tier_id":0,"_jetpack_memberships_contains_paywalled_content":false,"_jetpack_memberships_contains_paid_content":false,"footnotes":"","jetpack_publicize_message":"","jetpack_publicize_feature_enabled":true,"jetpack_social_post_already_shared":true,"jetpack_social_options":{"image_generator_settings":{"template":"highway","default_image_id":0,"font":"","enabled":false},"version":2}},"categories":[1],"tags":[],"class_list":["post-7165","post","type-post","status-publish","format-standard","hentry","category-nachrichten"],"jetpack_publicize_connections":[],"jetpack_featured_media_url":"","jetpack_sharing_enabled":true,"jetpack_shortlink":"https:\/\/wp.me\/p7mgmt-1Rz","_links":{"self":[{"href":"https:\/\/freiburger-schreibkiste.de\/index.php?rest_route=\/wp\/v2\/posts\/7165","targetHints":{"allow":["GET"]}}],"collection":[{"href":"https:\/\/freiburger-schreibkiste.de\/index.php?rest_route=\/wp\/v2\/posts"}],"about":[{"href":"https:\/\/freiburger-schreibkiste.de\/index.php?rest_route=\/wp\/v2\/types\/post"}],"author":[{"embeddable":true,"href":"https:\/\/freiburger-schreibkiste.de\/index.php?rest_route=\/wp\/v2\/users\/2"}],"replies":[{"embeddable":true,"href":"https:\/\/freiburger-schreibkiste.de\/index.php?rest_route=%2Fwp%2Fv2%2Fcomments&post=7165"}],"version-history":[{"count":0,"href":"https:\/\/freiburger-schreibkiste.de\/index.php?rest_route=\/wp\/v2\/posts\/7165\/revisions"}],"wp:attachment":[{"href":"https:\/\/freiburger-schreibkiste.de\/index.php?rest_route=%2Fwp%2Fv2%2Fmedia&parent=7165"}],"wp:term":[{"taxonomy":"category","embeddable":true,"href":"https:\/\/freiburger-schreibkiste.de\/index.php?rest_route=%2Fwp%2Fv2%2Fcategories&post=7165"},{"taxonomy":"post_tag","embeddable":true,"href":"https:\/\/freiburger-schreibkiste.de\/index.php?rest_route=%2Fwp%2Fv2%2Ftags&post=7165"}],"curies":[{"name":"wp","href":"https:\/\/api.w.org\/{rel}","templated":true}]}}