{"id":7101,"date":"2025-12-07T17:07:14","date_gmt":"2025-12-07T16:07:14","guid":{"rendered":"https:\/\/freiburger-schreibkiste.de\/?p=7101"},"modified":"2025-12-07T17:07:14","modified_gmt":"2025-12-07T16:07:14","slug":"susanne-siegert-liest-am-16-dezember-im-literaturhaus-aus-ihrem-buch-gedenken-neu-denken-das-zeigen-moechte-warum-erinnerungskultur-sich-dringend-veraendern-muss","status":"publish","type":"post","link":"https:\/\/freiburger-schreibkiste.de\/?p=7101","title":{"rendered":"Susanne Siegert liest am 16. Dezember im Literaturhaus aus ihrem Buch &#8222;Gedenken neu denken&#8220;, das zeigen m\u00f6chte, warum Erinnerungskultur sich dringend ver\u00e4ndern muss."},"content":{"rendered":"<section class=\"em-event-location\">\u00a0<\/section>\n<section class=\"em-event-content\">Lesung und Gespr\u00e4ch in der Reihe Gegenworte mit Julia Wolrab<\/p>\n<p>\u201eAlles, was du in der Schule NICHT \u00fcber Nazi-Verbrechen lernst\u201c: So lautet der Slogan der Social-Media-Profile von Susanne Siegert, die seit 2020 auf TikTok und Instagram hunderttausende Menschen \u00fcber den Holocaust aufklart. Ihre umfangreichen Recherchen und Vermittlungserfahrungen bringt sie in \u201eGedenken neu denken\u201c (Piper, 2025) auf den Punkt und zeigt, warum unsere Erinnerungskultur sich dringend ver\u00e4ndern muss. Siegert pl\u00e4diert f\u00fcr eine neue, pluralistische Gedenkarbeit mit einem Schwerpunkt auf der Verantwortung der Nachfahr*innen der T\u00e4ter*innen-Generation anstelle der \u201eeinstudierten\u201c gemeinsamen Ruckschau aus der Perspektive der Verfolgten.<\/p>\n<p>Dar\u00fcber, was eine aktivere, vielfaltigere Gedenkkultur ausmacht, spricht die mehrfach ausgezeichnete Journalistin in unserer Reihe \u201eGegenworte\u201c mit Julia Wolrab, der Leiterin des Dokumentationszentrums Nationalsozialismus Freiburg.<\/p>\n<p class=\"small\">Mitveranstalter: Dokumentationszentrum Nationalsozialismus Freiburg<\/p>\n<p class=\"small\">Datum: 16.12.2025, 19:30 Uhr<br \/>\nOrt: Literaturhaus Freiburg, Bertoldstra\u00dfe 17<br \/>\nEintritt: 11\/7 Euro<\/p>\n<p><a href=\"https:\/\/www.reservix.de\/tickets-susanne-siegert-gedenken-neu-denken-lesung-und-gespraech-in-der-reihe-gegenworte-mit-julia-wolrab-in-freiburg-im-breisgau-literaturhaus-freiburg-am-16-12-2025\/e2446805\">Karten kaufen<\/a><\/p>\n<\/section>\n","protected":false},"excerpt":{"rendered":"<p>\u00a0 Lesung und Gespr\u00e4ch in der Reihe Gegenworte mit Julia Wolrab \u201eAlles, was du in der Schule NICHT \u00fcber Nazi-Verbrechen lernst\u201c: So lautet der Slogan der Social-Media-Profile von Susanne Siegert, die seit 2020 auf TikTok und Instagram hunderttausende Menschen \u00fcber&#8230;<\/p>\n","protected":false},"author":2,"featured_media":0,"comment_status":"closed","ping_status":"open","sticky":false,"template":"","format":"standard","meta":{"jetpack_post_was_ever_published":false,"_jetpack_newsletter_access":"","_jetpack_dont_email_post_to_subs":false,"_jetpack_newsletter_tier_id":0,"_jetpack_memberships_contains_paywalled_content":false,"_jetpack_memberships_contains_paid_content":false,"footnotes":"","jetpack_publicize_message":"","jetpack_publicize_feature_enabled":true,"jetpack_social_post_already_shared":true,"jetpack_social_options":{"image_generator_settings":{"template":"highway","default_image_id":0,"font":"","enabled":false},"version":2}},"categories":[1],"tags":[],"class_list":["post-7101","post","type-post","status-publish","format-standard","hentry","category-nachrichten"],"jetpack_publicize_connections":[],"jetpack_featured_media_url":"","jetpack_sharing_enabled":true,"jetpack_shortlink":"https:\/\/wp.me\/p7mgmt-1Qx","_links":{"self":[{"href":"https:\/\/freiburger-schreibkiste.de\/index.php?rest_route=\/wp\/v2\/posts\/7101","targetHints":{"allow":["GET"]}}],"collection":[{"href":"https:\/\/freiburger-schreibkiste.de\/index.php?rest_route=\/wp\/v2\/posts"}],"about":[{"href":"https:\/\/freiburger-schreibkiste.de\/index.php?rest_route=\/wp\/v2\/types\/post"}],"author":[{"embeddable":true,"href":"https:\/\/freiburger-schreibkiste.de\/index.php?rest_route=\/wp\/v2\/users\/2"}],"replies":[{"embeddable":true,"href":"https:\/\/freiburger-schreibkiste.de\/index.php?rest_route=%2Fwp%2Fv2%2Fcomments&post=7101"}],"version-history":[{"count":0,"href":"https:\/\/freiburger-schreibkiste.de\/index.php?rest_route=\/wp\/v2\/posts\/7101\/revisions"}],"wp:attachment":[{"href":"https:\/\/freiburger-schreibkiste.de\/index.php?rest_route=%2Fwp%2Fv2%2Fmedia&parent=7101"}],"wp:term":[{"taxonomy":"category","embeddable":true,"href":"https:\/\/freiburger-schreibkiste.de\/index.php?rest_route=%2Fwp%2Fv2%2Fcategories&post=7101"},{"taxonomy":"post_tag","embeddable":true,"href":"https:\/\/freiburger-schreibkiste.de\/index.php?rest_route=%2Fwp%2Fv2%2Ftags&post=7101"}],"curies":[{"name":"wp","href":"https:\/\/api.w.org\/{rel}","templated":true}]}}