{"id":7030,"date":"2025-10-31T17:19:27","date_gmt":"2025-10-31T16:19:27","guid":{"rendered":"https:\/\/freiburger-schreibkiste.de\/?p=7030"},"modified":"2025-10-31T17:21:23","modified_gmt":"2025-10-31T16:21:23","slug":"blaue-stunde-blaetterrascheln-lyrik-und-cello-am-sonntag-23-november-mit-der-lyrikerin-heide-jahnke-und-cellistin-ingrid-haarmann-im-melcherhof-buchenbach","status":"publish","type":"post","link":"https:\/\/freiburger-schreibkiste.de\/?p=7030","title":{"rendered":"Blaue Stunde &#8211; Bl\u00e4tterrascheln &#8211; Lyrik und Cello am Sonntag 23. November, mit Lyrikerin Heide Jahnke und Cellistin Ingrid Haarmann, im Melcherhof, Buchenbach."},"content":{"rendered":"<p>Nach dem hitzigen \u00dcberschwang der Sommersaison zieht das Jahr wieder ged\u00e4mpftere Register. Nein, keine Vanitas-Wehklagen ! Stattdessen sanftere Farbt\u00f6ne, volle Erntek\u00f6rbe.<br \/>\nSichten wir mit der Lyrikerin Heide Jahnke ihre Wortvorr\u00e4te f\u00fcr den Winter. Herbsternte aus dem Vollen mit Kostproben aus sechs Lyrikb\u00e4nden, umrankt von den einf\u00fchlsamen Cello-Improvisationen von Ingrid Haarmann. Wir freuen uns auf einen ganz dichten Abend am brennenden Kamin \u2026<\/p>\n<p><strong>Lyrik und Cello am Sonntag 23. November um 17 h im Kaminzimmer des Melcherhofs.<\/strong><\/p>\n<p>Eintritt frei, Spendenk\u00f6rble.<\/p>\n<div class=\"elementor-element elementor-element-00d4576 e-con-full e-flex e-con e-child\" data-id=\"00d4576\" data-element_type=\"container\">\n<div class=\"elementor-element elementor-element-6b2b093 elementor-widget elementor-widget-text-editor\" data-id=\"6b2b093\" data-element_type=\"widget\" data-widget_type=\"text-editor.default\">\n<div class=\"elementor-widget-container\">\n<p><strong>Carolin\u00e1 und Ernst von Marschall<br \/>\n<\/strong>Ibentalstra\u00dfe 25,<br \/>\n79256 Buchenbach<br \/>\n07661\/4294<br \/>\n<a href=\"mailto:info@melcherhof-kultur.de\">info@melcherhof-kultur.de<\/a><\/p>\n<p><a href=\"http:\/\/www.melcherhof-kultur.de\">http:\/\/www.melcherhof-kultur.de<\/a><\/p>\n<\/div>\n<\/div>\n<\/div>\n","protected":false},"excerpt":{"rendered":"<p>Nach dem hitzigen \u00dcberschwang der Sommersaison zieht das Jahr wieder ged\u00e4mpftere Register. Nein, keine Vanitas-Wehklagen ! Stattdessen sanftere Farbt\u00f6ne, volle Erntek\u00f6rbe. Sichten wir mit der Lyrikerin Heide Jahnke ihre Wortvorr\u00e4te f\u00fcr den Winter. Herbsternte aus dem Vollen mit Kostproben aus&#8230;<\/p>\n","protected":false},"author":2,"featured_media":0,"comment_status":"closed","ping_status":"open","sticky":false,"template":"","format":"standard","meta":{"jetpack_post_was_ever_published":false,"_jetpack_newsletter_access":"","_jetpack_dont_email_post_to_subs":false,"_jetpack_newsletter_tier_id":0,"_jetpack_memberships_contains_paywalled_content":false,"_jetpack_memberships_contains_paid_content":false,"footnotes":"","jetpack_publicize_message":"","jetpack_publicize_feature_enabled":true,"jetpack_social_post_already_shared":true,"jetpack_social_options":{"image_generator_settings":{"template":"highway","default_image_id":0,"font":"","enabled":false},"version":2}},"categories":[1],"tags":[],"class_list":["post-7030","post","type-post","status-publish","format-standard","hentry","category-nachrichten"],"jetpack_publicize_connections":[],"jetpack_featured_media_url":"","jetpack_sharing_enabled":true,"jetpack_shortlink":"https:\/\/wp.me\/p7mgmt-1Po","_links":{"self":[{"href":"https:\/\/freiburger-schreibkiste.de\/index.php?rest_route=\/wp\/v2\/posts\/7030","targetHints":{"allow":["GET"]}}],"collection":[{"href":"https:\/\/freiburger-schreibkiste.de\/index.php?rest_route=\/wp\/v2\/posts"}],"about":[{"href":"https:\/\/freiburger-schreibkiste.de\/index.php?rest_route=\/wp\/v2\/types\/post"}],"author":[{"embeddable":true,"href":"https:\/\/freiburger-schreibkiste.de\/index.php?rest_route=\/wp\/v2\/users\/2"}],"replies":[{"embeddable":true,"href":"https:\/\/freiburger-schreibkiste.de\/index.php?rest_route=%2Fwp%2Fv2%2Fcomments&post=7030"}],"version-history":[{"count":0,"href":"https:\/\/freiburger-schreibkiste.de\/index.php?rest_route=\/wp\/v2\/posts\/7030\/revisions"}],"wp:attachment":[{"href":"https:\/\/freiburger-schreibkiste.de\/index.php?rest_route=%2Fwp%2Fv2%2Fmedia&parent=7030"}],"wp:term":[{"taxonomy":"category","embeddable":true,"href":"https:\/\/freiburger-schreibkiste.de\/index.php?rest_route=%2Fwp%2Fv2%2Fcategories&post=7030"},{"taxonomy":"post_tag","embeddable":true,"href":"https:\/\/freiburger-schreibkiste.de\/index.php?rest_route=%2Fwp%2Fv2%2Ftags&post=7030"}],"curies":[{"name":"wp","href":"https:\/\/api.w.org\/{rel}","templated":true}]}}