{"id":6990,"date":"2025-09-26T17:02:42","date_gmt":"2025-09-26T15:02:42","guid":{"rendered":"https:\/\/freiburger-schreibkiste.de\/?p=6990"},"modified":"2025-09-26T17:05:22","modified_gmt":"2025-09-26T15:05:22","slug":"das-39-freiburger-literaturgespraech-vom-6-bis-9-november-eroeffnet-mit-rachel-cusk-eine-der-wichtigsten-autorinnen-der-englischsprachigen-literaturlandschaft","status":"publish","type":"post","link":"https:\/\/freiburger-schreibkiste.de\/?p=6990","title":{"rendered":"Das 39. Freiburger Literaturgespr\u00e4ch vom 6. bis 9. November er\u00f6ffnet mit Rachel Cusk, eine der wichtigsten Autor*innen der englischsprachigen Literaturlandschaft."},"content":{"rendered":"<p><strong>Such nach dem Namen des Windes: 39. Freiburger Literaturgespr\u00e4ch (6.\u20139.11.)<\/strong><\/p>\n<p>Das 39. Freiburger Literaturgespr\u00e4ch er\u00f6ffnet mit Rachel Cusk, eine der wichtigsten Autor*innen der englischsprachigen Literaturlandschaft: Seit ihrer \u201eOutline\u201c-Trilogie und den Memoiren \u201eLebenswerk\u201c und \u201eDanach\u201c wird sie international gefeiert f\u00fcr die brillanten Analysen der Geometrie menschlicher Beziehungen und unseres sp\u00e4tmodernen Lebensgef\u00fchls. \u00dcber ihr j\u00fcngstes Werk \u201eParade\u201c spricht die Guggenheim-Stipendiatin im Historischen Kaufhaus mit Schriftsteller-Kollegin Annette Pehnt (6.11.).<\/p>\n<p>Der Festival-Freitag l\u00e4dt zum Mitwippen ein: Am Nachmittag zeigen Anke Kuhl und Moni Port Comics zu Musik f\u00fcr alle ab 8 Jahren; am Abend erklingen Vinyl-Beats zu dem Romandeb\u00fct \u201eAm Meerschwein \u00fcbt das Kind den Tod\u201c der preisgekr\u00f6nten Dichterin Nora Gomringer (7.11.).<\/p>\n<p>\u201eSuch nach dem Namen des Windes\u201c \u2013 das Motto des diesj\u00e4hrigen Literaturgespr\u00e4chs ist dem mit dem Peter-Huchel-Preis ausgezeichneten Lyrikband von Olga Martynova entliehen. Die Dichterin tritt am Festival-Samstag auf, der in geballter Vielfalt durch B\u00fccher des Jahres f\u00fchrt: mit den aktuellen Romanen von Katerina Poladjan, Dorothee Elmiger, Ozan Zakariya Keskink\u0131l\u0131\u00e7 und Daniela Dr\u00f6scher sowie essayistischer Prosa von Heike Gei\u00dfler (8.11.).<\/p>\n<p>Zum Abschluss des Lesefests am Sonntagvormittag \u00f6ffnet der Schriftsteller und Herausgeber Matthias J\u00fcgler mit der Anthologie \u201eWir dachten, wir k\u00f6nnten fliegen\u201c eine zoologische Wunderkammer: Neunzehn ausgestorbene Tier- und Pflanzenarten werden von renommierten Autor*innen in literarischen Portraits wieder zum Leben erweckt. \u00dcber das Verschwinden der Tier- und Pflanzenarten und die Kraft der Literatur spricht er mit Daniela Dr\u00f6scher, Katerina Poladjan und Iris Wolff im Stadttheater (9.11.).<\/p>\n","protected":false},"excerpt":{"rendered":"<p>Such nach dem Namen des Windes: 39. Freiburger Literaturgespr\u00e4ch (6.\u20139.11.) Das 39. Freiburger Literaturgespr\u00e4ch er\u00f6ffnet mit Rachel Cusk, eine der wichtigsten Autor*innen der englischsprachigen Literaturlandschaft: Seit ihrer \u201eOutline\u201c-Trilogie und den Memoiren \u201eLebenswerk\u201c und \u201eDanach\u201c wird sie international gefeiert f\u00fcr die&#8230;<\/p>\n","protected":false},"author":2,"featured_media":0,"comment_status":"closed","ping_status":"open","sticky":false,"template":"","format":"standard","meta":{"jetpack_post_was_ever_published":false,"_jetpack_newsletter_access":"","_jetpack_dont_email_post_to_subs":false,"_jetpack_newsletter_tier_id":0,"_jetpack_memberships_contains_paywalled_content":false,"_jetpack_memberships_contains_paid_content":false,"footnotes":"","jetpack_publicize_message":"","jetpack_publicize_feature_enabled":true,"jetpack_social_post_already_shared":true,"jetpack_social_options":{"image_generator_settings":{"template":"highway","default_image_id":0,"font":"","enabled":false},"version":2}},"categories":[1],"tags":[],"class_list":["post-6990","post","type-post","status-publish","format-standard","hentry","category-nachrichten"],"jetpack_publicize_connections":[],"jetpack_featured_media_url":"","jetpack_sharing_enabled":true,"jetpack_shortlink":"https:\/\/wp.me\/p7mgmt-1OK","_links":{"self":[{"href":"https:\/\/freiburger-schreibkiste.de\/index.php?rest_route=\/wp\/v2\/posts\/6990","targetHints":{"allow":["GET"]}}],"collection":[{"href":"https:\/\/freiburger-schreibkiste.de\/index.php?rest_route=\/wp\/v2\/posts"}],"about":[{"href":"https:\/\/freiburger-schreibkiste.de\/index.php?rest_route=\/wp\/v2\/types\/post"}],"author":[{"embeddable":true,"href":"https:\/\/freiburger-schreibkiste.de\/index.php?rest_route=\/wp\/v2\/users\/2"}],"replies":[{"embeddable":true,"href":"https:\/\/freiburger-schreibkiste.de\/index.php?rest_route=%2Fwp%2Fv2%2Fcomments&post=6990"}],"version-history":[{"count":0,"href":"https:\/\/freiburger-schreibkiste.de\/index.php?rest_route=\/wp\/v2\/posts\/6990\/revisions"}],"wp:attachment":[{"href":"https:\/\/freiburger-schreibkiste.de\/index.php?rest_route=%2Fwp%2Fv2%2Fmedia&parent=6990"}],"wp:term":[{"taxonomy":"category","embeddable":true,"href":"https:\/\/freiburger-schreibkiste.de\/index.php?rest_route=%2Fwp%2Fv2%2Fcategories&post=6990"},{"taxonomy":"post_tag","embeddable":true,"href":"https:\/\/freiburger-schreibkiste.de\/index.php?rest_route=%2Fwp%2Fv2%2Ftags&post=6990"}],"curies":[{"name":"wp","href":"https:\/\/api.w.org\/{rel}","templated":true}]}}