{"id":6979,"date":"2025-09-26T15:32:05","date_gmt":"2025-09-26T13:32:05","guid":{"rendered":"https:\/\/freiburger-schreibkiste.de\/?p=6979"},"modified":"2025-09-26T15:33:18","modified_gmt":"2025-09-26T13:33:18","slug":"die-schwarzwald-buchmesse-blaetterrauschen-geht-ab-8-mai-2026-in-die-dritte-runde-im-kurhaus-hinterzarten-werden-verlage-und-autorinnen-ihre-werke-ausstellen","status":"publish","type":"post","link":"https:\/\/freiburger-schreibkiste.de\/?p=6979","title":{"rendered":"Die Schwarzwald-Buchmesse \u201eBl\u00e4tterrauschen\u201c geht ab 8. Mai 2026 in die dritte Runde. Im Kurhaus Hinterzarten werden Verlage und Autor:innen ihre Werke ausstellen."},"content":{"rendered":"<p><strong>Vom 8. bis 10. Mai 2026 werden im Kurhaus Hinterzarten regionale Verlage und Autor:innen ihre neuesten und besten Werke ausstellen und zum Kauf anbieten. Die Schwarzwald-Buchmesse \u201eBl\u00e4tterrauschen\u201c bietet ein breites Rahmenprogramm mit Lesungen und Gespr\u00e4chsrunden. Neu im Programm ist der Autorentag speziell f\u00fcr Einzelautor:innen, deren Verlage nicht an der Messe teilnehmen.<\/strong><\/p>\n<p>Hinterzarten, 02.09.2025: Die Buchmesse \u201eBl\u00e4tterrauschen\u201c kehrt zur\u00fcck: Nach zwei erfolgreichen Veranstaltungen in den Jahren 2022 und 2024 wird die Messe auch 2026 wieder im Kurhaus Hinterzarten stattfinden. Vom 08. bis 10. Mai 2026 dreht sich dort alles rund ums Buch aus und \u00fcber den Schwarzwald. Zweck der Messe ist es, Autor:innen und Verlagen, die aus dem Schwarzwald kommen oder sich thematisch mit der Region besch\u00e4ftigen, eine B\u00fchne zu bieten. Besucher:innen erwartet ein vielf\u00e4ltiges Programm mit Lesungen, Gespr\u00e4chsrunden und vor allem: direktem Kontakt zu den Menschen hinter den B\u00fcchern, mit denen sie vor Ort ins Gespr\u00e4ch kommen k\u00f6nnen. Alle pr\u00e4sentierten Werke k\u00f6nnen vor Ort erworben werden.<\/p>\n<p>Organisiert und veranstaltet wird die Messe von der Hochschwarzwald Tourismus GmbH, dem Kulturverein W\u00e4lderleben und der Buchhandlung Baeuchle. Bei der zur\u00fcckliegenden Ausgabe nahmen mehr als 30 regionale Verlage und Autor:innen an der Messe teil \u2013 ein starkes Zeichen f\u00fcr die lebendige Literaturszene im Schwarzwald.<br \/>\nNEU: Der Autorentag am Samstag. Erstmals wird am Samstag, 9. Mai, auf vielfachen Wunsch hin ein spezieller Autorentag angeboten. Einzelautor:innen, deren Verlage nicht an der Messe teilnehmen k\u00f6nnen, erhalten hier die M\u00f6glichkeit, sich und ihre Werke im Kleinen Saal des Kurhauses zu pr\u00e4sentieren \u2013 in Form von Lesungen, Buchvorstellungen, Diavortr\u00e4gen oder offenen Gespr\u00e4chen mit Publikum und Kolleg:innen.<br \/>\nAnmeldung:<br \/>\nInteressierte Verlage und Autor:innen k\u00f6nnen sich ab sofort f\u00fcr die Buchmesse \u201eBl\u00e4tterrauschen\u201c 2026 anmelden. Das Anmeldeformular und alle weiteren Informationen zur Veranstaltung sind zu finden unter: <a href=\"https:\/\/www.hochschwarzwald.de\/veranstaltungen-hochschwarzwald\/blaetterrauschen-hochschwarzwaelder-buchmesse\">www.hochschwarzwald.de\/veranstaltungen-hochschwarzwald\/blaetterrauschen-hochschwarzwaelder-buchmesse<\/a><\/p>\n","protected":false},"excerpt":{"rendered":"<p>Vom 8. bis 10. Mai 2026 werden im Kurhaus Hinterzarten regionale Verlage und Autor:innen ihre neuesten und besten Werke ausstellen und zum Kauf anbieten. Die Schwarzwald-Buchmesse \u201eBl\u00e4tterrauschen\u201c bietet ein breites Rahmenprogramm mit Lesungen und Gespr\u00e4chsrunden. Neu im Programm ist der&#8230;<\/p>\n","protected":false},"author":2,"featured_media":0,"comment_status":"closed","ping_status":"open","sticky":false,"template":"","format":"standard","meta":{"jetpack_post_was_ever_published":false,"_jetpack_newsletter_access":"","_jetpack_dont_email_post_to_subs":false,"_jetpack_newsletter_tier_id":0,"_jetpack_memberships_contains_paywalled_content":false,"_jetpack_memberships_contains_paid_content":false,"footnotes":"","jetpack_publicize_message":"","jetpack_publicize_feature_enabled":true,"jetpack_social_post_already_shared":true,"jetpack_social_options":{"image_generator_settings":{"template":"highway","default_image_id":0,"font":"","enabled":false},"version":2}},"categories":[1],"tags":[],"class_list":["post-6979","post","type-post","status-publish","format-standard","hentry","category-nachrichten"],"jetpack_publicize_connections":[],"jetpack_featured_media_url":"","jetpack_sharing_enabled":true,"jetpack_shortlink":"https:\/\/wp.me\/p7mgmt-1Oz","_links":{"self":[{"href":"https:\/\/freiburger-schreibkiste.de\/index.php?rest_route=\/wp\/v2\/posts\/6979","targetHints":{"allow":["GET"]}}],"collection":[{"href":"https:\/\/freiburger-schreibkiste.de\/index.php?rest_route=\/wp\/v2\/posts"}],"about":[{"href":"https:\/\/freiburger-schreibkiste.de\/index.php?rest_route=\/wp\/v2\/types\/post"}],"author":[{"embeddable":true,"href":"https:\/\/freiburger-schreibkiste.de\/index.php?rest_route=\/wp\/v2\/users\/2"}],"replies":[{"embeddable":true,"href":"https:\/\/freiburger-schreibkiste.de\/index.php?rest_route=%2Fwp%2Fv2%2Fcomments&post=6979"}],"version-history":[{"count":0,"href":"https:\/\/freiburger-schreibkiste.de\/index.php?rest_route=\/wp\/v2\/posts\/6979\/revisions"}],"wp:attachment":[{"href":"https:\/\/freiburger-schreibkiste.de\/index.php?rest_route=%2Fwp%2Fv2%2Fmedia&parent=6979"}],"wp:term":[{"taxonomy":"category","embeddable":true,"href":"https:\/\/freiburger-schreibkiste.de\/index.php?rest_route=%2Fwp%2Fv2%2Fcategories&post=6979"},{"taxonomy":"post_tag","embeddable":true,"href":"https:\/\/freiburger-schreibkiste.de\/index.php?rest_route=%2Fwp%2Fv2%2Ftags&post=6979"}],"curies":[{"name":"wp","href":"https:\/\/api.w.org\/{rel}","templated":true}]}}