{"id":6954,"date":"2025-09-08T11:15:44","date_gmt":"2025-09-08T09:15:44","guid":{"rendered":"https:\/\/freiburger-schreibkiste.de\/?p=6954"},"modified":"2025-09-08T11:16:51","modified_gmt":"2025-09-08T09:16:51","slug":"alexander-grimm-der-poet-und-kurator-des-lautpoesiefestvals-in-freiburg-und-basel-ist-aktuell-mit-sprachmupfen-unterwegs-cheickh-fall-hat-seine-senegalesische-kultur-vor-jahren-a","status":"publish","type":"post","link":"https:\/\/freiburger-schreibkiste.de\/?p=6954","title":{"rendered":"Alexander Grimm, Poet und Kurator des Lautpoesiefestvals in Freiburg und Basel, ist aktuell mit \u201eSprachmupfen\u201c unterwegs.  Cheickh Fall hat seine senegalesische Kultur vor Jahren an den Kaiserstuhl gebracht. Zusammen treten sie am 20. September in der KaJo auf dem &#8222;Kirschbaumdeck&#8220; auf."},"content":{"rendered":"<p>Deutsche Lyrik trifft senegalesische Musik<\/p>\n<p>Alexander Grimm \/ Lyrik, Cheickh Fall \/ Kora &amp; Trommeln, J\u00f6rg Kuenzer \/ div. H\u00f6rner \u2013 am Samstag, 20.09. (19 Uhr) auf dem \u201eKirschbaumdeck\u201c, Kaiser-Joseph-Stra\u00dfe 265.<\/p>\n<p>Der Poet Alexander Grimm ist aktuell mit \u201eSprachmupfen\u201c unterwegs. Hier macht er Sprache im Widerstreit und Wandel h\u00f6rbar. Er ist Kurator des Lautpoesiefestvals in Freiburg und Basel. Feinsinnig verbl\u00fcfft er in seinem Spiel mit der Sprache, anderseits \u00f6ffnet er seine Sprache u.a. der Musik und den Zwiegespr\u00e4chen, die daraus entstehen. Alles F\u00fcmms b\u00f6 w\u00f6 oder was? Cheickh Fall hat seine senegalesische Kultur vor Jahren an den Kaiserstuhl gebracht und hier einen Verein gegr\u00fcndet. Auch er hat Lust, mit unterschiedlichen Kulturen musikalisch zu kommunizieren. Seine Kora, seine Trommeln bringen uns Afrika n\u00e4her. Nach Jahren des Spiels auf unterschiedlichen musikalischen Ebenen und nach der roten Karte von Corona steht f\u00fcr J\u00f6rg Kuenzer die Melodie, die altgriechisch \u00fcbersetzt heisst: \u201eder sanfte Weg\u201c im Mittelpunkt seines Spiels: gute alte Melodien, Schlager, Evergreens, neue, selbst erfundene Melodien finden sich u.a. am Brunnen vor der Chocolaterie fast jeden Samstag, allein oder zu zweit.<\/p>\n<p>Veranstaltungen beginnen alle um 19 Uhr auf dem Kirschbaumdeck (Hinterhof). Bei Regen geht es unter das Dach in das Studio MandoLina im 4. OG. Location: K\u00fcnstleragentur Jak, Kaiser-Joseph-Strasse 265, 79098 Freiburg Max. 27 G\u00e4ste \/ Studio MandoLina 40 G\u00e4ste. \u2013 Eintritt frei , wir freuen uns auf einen Kostenbeitrag von PlusMinus 10.- \u20acuro. \u2013 An der VerletzBAR \/ Kirschbaumdeck werden Getr\u00e4nke angeboten.\u2013 Anmeldungen \u00fcber info@jak-kuenstleragentur.de, Tel. \/ AB 0761- 51460210 oder 0172-9526435.<\/p>\n","protected":false},"excerpt":{"rendered":"<p>Deutsche Lyrik trifft senegalesische Musik Alexander Grimm \/ Lyrik, Cheickh Fall \/ Kora &amp; Trommeln, J\u00f6rg Kuenzer \/ div. H\u00f6rner \u2013 am Samstag, 20.09. (19 Uhr) auf dem \u201eKirschbaumdeck\u201c, Kaiser-Joseph-Stra\u00dfe 265. Der Poet Alexander Grimm ist aktuell mit \u201eSprachmupfen\u201c unterwegs&#8230;.<\/p>\n","protected":false},"author":2,"featured_media":0,"comment_status":"closed","ping_status":"open","sticky":false,"template":"","format":"standard","meta":{"jetpack_post_was_ever_published":false,"_jetpack_newsletter_access":"","_jetpack_dont_email_post_to_subs":false,"_jetpack_newsletter_tier_id":0,"_jetpack_memberships_contains_paywalled_content":false,"_jetpack_memberships_contains_paid_content":false,"footnotes":"","jetpack_publicize_message":"","jetpack_publicize_feature_enabled":true,"jetpack_social_post_already_shared":true,"jetpack_social_options":{"image_generator_settings":{"template":"highway","default_image_id":0,"font":"","enabled":false},"version":2}},"categories":[1],"tags":[],"class_list":["post-6954","post","type-post","status-publish","format-standard","hentry","category-nachrichten"],"jetpack_publicize_connections":[],"jetpack_featured_media_url":"","jetpack_sharing_enabled":true,"jetpack_shortlink":"https:\/\/wp.me\/p7mgmt-1Oa","_links":{"self":[{"href":"https:\/\/freiburger-schreibkiste.de\/index.php?rest_route=\/wp\/v2\/posts\/6954","targetHints":{"allow":["GET"]}}],"collection":[{"href":"https:\/\/freiburger-schreibkiste.de\/index.php?rest_route=\/wp\/v2\/posts"}],"about":[{"href":"https:\/\/freiburger-schreibkiste.de\/index.php?rest_route=\/wp\/v2\/types\/post"}],"author":[{"embeddable":true,"href":"https:\/\/freiburger-schreibkiste.de\/index.php?rest_route=\/wp\/v2\/users\/2"}],"replies":[{"embeddable":true,"href":"https:\/\/freiburger-schreibkiste.de\/index.php?rest_route=%2Fwp%2Fv2%2Fcomments&post=6954"}],"version-history":[{"count":0,"href":"https:\/\/freiburger-schreibkiste.de\/index.php?rest_route=\/wp\/v2\/posts\/6954\/revisions"}],"wp:attachment":[{"href":"https:\/\/freiburger-schreibkiste.de\/index.php?rest_route=%2Fwp%2Fv2%2Fmedia&parent=6954"}],"wp:term":[{"taxonomy":"category","embeddable":true,"href":"https:\/\/freiburger-schreibkiste.de\/index.php?rest_route=%2Fwp%2Fv2%2Fcategories&post=6954"},{"taxonomy":"post_tag","embeddable":true,"href":"https:\/\/freiburger-schreibkiste.de\/index.php?rest_route=%2Fwp%2Fv2%2Ftags&post=6954"}],"curies":[{"name":"wp","href":"https:\/\/api.w.org\/{rel}","templated":true}]}}