{"id":6925,"date":"2025-08-15T11:27:27","date_gmt":"2025-08-15T09:27:27","guid":{"rendered":"https:\/\/freiburger-schreibkiste.de\/?p=6925"},"modified":"2025-08-15T11:40:59","modified_gmt":"2025-08-15T09:40:59","slug":"herdermer-sommerlesungen-am-28-august-verena-dolovai-erzaehlt-in-ihrem-roman-dorf-ohne-franz-von-doerflichen-strukturen-und-der-schwierigkeit-auszubrechen","status":"publish","type":"post","link":"https:\/\/freiburger-schreibkiste.de\/?p=6925","title":{"rendered":"Herdermer Sommerlesungen am 28. August: Verena Dolovai erz\u00e4hlt in ihrem Roman &#8222;Dorf ohne Franz&#8220; von d\u00f6rflichen Strukturen und der Schwierigkeit, auszubrechen."},"content":{"rendered":"<h1 class=\"event-title entry-title\"><\/h1>\n<div class=\"entry-content\">\n<div id=\"em-view-6\" class=\"em em-view-container\" data-view=\"event\">\n<div id=\"em-event-6\" class=\"em pixelbones em-item em-item-single em-event em-event-single em-event-190 size-medium\" data-view-id=\"6\">\n<section class=\"em-item-header\">\n<div class=\"em-item-meta\">\n<section class=\"em-item-meta-column\">\n<section class=\"em-event-when\">\n<div class=\"em-item-meta-line em-event-date em-event-meta-datetime\">28. August 2025<\/div>\n<div class=\"em-item-meta-line em-event-time em-event-meta-datetime\">19:30<\/div>\n<\/section>\n<\/section>\n<\/div>\n<\/section>\n<\/div>\n<\/div>\n<\/div>\n<section class=\"em-item-header\">\n<div class=\"em-item-meta\">\n<section class=\"em-item-meta-column\">\n<section class=\"em-event-where\">\n<div class=\"em-item-meta-line em-event-location\">\n<div><a href=\"https:\/\/freiburger-schreibkiste.de\/?location=herdermer-kirchplatz\">Herdermer Kirchplatz<\/a><br \/>\nKirchplatz, Freiburg<\/div>\n<\/div>\n<\/section>\n<\/section>\n<\/div>\n<\/section>\n<section><\/section>\n<section class=\"em-event-location\">Bei Regen im depot.K (Hauptstra\u00dfe 82, gleich am Rand des Kirchplatzes)<\/section>\n<section class=\"em-event-content\">\n<p class=\"Stil6\"><span style=\"font-family: Arial;\">Nominiert f\u00fcr den \u00d6sterreichischen Buchpreis 2024 \/ Deb\u00fct<\/span><\/p>\n<p><strong>Verena Dolovai<\/strong><\/p>\n<p><strong><span style=\"font-family: Arial;\"> Dorf ohne Franz<\/span><\/strong><\/p>\n<p><span style=\"color: #666666; font-family: Arial;\">Roman<\/span><\/p>\n<p>Nominiert f\u00fcr den \u00d6sterreichischen Buchpreis 2024 \/ Deb\u00fct<\/p>\n<p>Maria erinnert sich, wie sie in den 1960er-Jahren auf einem Bauernhof mit ihren Br\u00fcdern Josef und Franz im Dorf aufgewachsen ist. W\u00e4hrend Josef, der \u00c4lteste, in die Fu\u00dfstapfen des Vaters tritt, entzieht sich Franz, Nesth\u00e4kchen und Liebling der Mutter, den traditionellen Erwartungen des rauen Alltags. Maria ist zerrissen zwischen Anpassung und Sehnsucht. Sie tr\u00e4umt von einem selbstbestimmten Leben au\u00dferhalb der engen Grenzen des Dorfes, bleibt aber, heiratet Toni und bekommt ein Kind. Mittellos und in Abh\u00e4ngigkeit gefangen, arbeitet Maria pflichtbewusst mit, wo sie gebraucht wird, und pflegt nahe Angeh\u00f6rige.<br \/>\nAls Maria Toni eines Tages reglos am Boden vorfindet, sieht sie erstmals eine Chance, dem vorgezeichneten Leben zu entgehen.<\/p>\n<p>Verena Dolovai erz\u00e4hlt in ihrem Roman von patriarchal gepr\u00e4gten d\u00f6rflichen Strukturen und der Schwierigkeit, auszubrechen. Gelingt es Maria, das Dorf hinter sich zu lassen? Und wo ist eigentlich Franz?<\/p>\n<p><a href=\"_wp_link_placeholder\" data-wplink-edit=\"true\">http:\/\/www.septime-verlag.at\/Buecher\/buch_dorf_ohne_franz.html<\/a><\/p>\n<\/section>\n","protected":false},"excerpt":{"rendered":"<p>28. August 2025 19:30 Herdermer Kirchplatz Kirchplatz, Freiburg Bei Regen im depot.K (Hauptstra\u00dfe 82, gleich am Rand des Kirchplatzes) Nominiert f\u00fcr den \u00d6sterreichischen Buchpreis 2024 \/ Deb\u00fct Verena Dolovai Dorf ohne Franz Roman Nominiert f\u00fcr den \u00d6sterreichischen Buchpreis 2024 \/&#8230;<\/p>\n","protected":false},"author":2,"featured_media":0,"comment_status":"closed","ping_status":"open","sticky":false,"template":"","format":"standard","meta":{"jetpack_post_was_ever_published":false,"_jetpack_newsletter_access":"","_jetpack_dont_email_post_to_subs":false,"_jetpack_newsletter_tier_id":0,"_jetpack_memberships_contains_paywalled_content":false,"_jetpack_memberships_contains_paid_content":false,"footnotes":"","jetpack_publicize_message":"","jetpack_publicize_feature_enabled":true,"jetpack_social_post_already_shared":true,"jetpack_social_options":{"image_generator_settings":{"template":"highway","default_image_id":0,"font":"","enabled":false},"version":2}},"categories":[1],"tags":[],"class_list":["post-6925","post","type-post","status-publish","format-standard","hentry","category-nachrichten"],"jetpack_publicize_connections":[],"jetpack_featured_media_url":"","jetpack_sharing_enabled":true,"jetpack_shortlink":"https:\/\/wp.me\/p7mgmt-1NH","_links":{"self":[{"href":"https:\/\/freiburger-schreibkiste.de\/index.php?rest_route=\/wp\/v2\/posts\/6925","targetHints":{"allow":["GET"]}}],"collection":[{"href":"https:\/\/freiburger-schreibkiste.de\/index.php?rest_route=\/wp\/v2\/posts"}],"about":[{"href":"https:\/\/freiburger-schreibkiste.de\/index.php?rest_route=\/wp\/v2\/types\/post"}],"author":[{"embeddable":true,"href":"https:\/\/freiburger-schreibkiste.de\/index.php?rest_route=\/wp\/v2\/users\/2"}],"replies":[{"embeddable":true,"href":"https:\/\/freiburger-schreibkiste.de\/index.php?rest_route=%2Fwp%2Fv2%2Fcomments&post=6925"}],"version-history":[{"count":0,"href":"https:\/\/freiburger-schreibkiste.de\/index.php?rest_route=\/wp\/v2\/posts\/6925\/revisions"}],"wp:attachment":[{"href":"https:\/\/freiburger-schreibkiste.de\/index.php?rest_route=%2Fwp%2Fv2%2Fmedia&parent=6925"}],"wp:term":[{"taxonomy":"category","embeddable":true,"href":"https:\/\/freiburger-schreibkiste.de\/index.php?rest_route=%2Fwp%2Fv2%2Fcategories&post=6925"},{"taxonomy":"post_tag","embeddable":true,"href":"https:\/\/freiburger-schreibkiste.de\/index.php?rest_route=%2Fwp%2Fv2%2Ftags&post=6925"}],"curies":[{"name":"wp","href":"https:\/\/api.w.org\/{rel}","templated":true}]}}