{"id":6921,"date":"2025-08-23T11:18:42","date_gmt":"2025-08-23T09:18:42","guid":{"rendered":"https:\/\/freiburger-schreibkiste.de\/?p=6921"},"modified":"2025-08-15T11:19:34","modified_gmt":"2025-08-15T09:19:34","slug":"wie-konnte-es-passieren-dass-ihre-tochter-und-sie-sich-gaenzlich-entfremdet-haben-fragt-sich-die-erzaehlerin-natalja-althausers-in-ihrem-roman-dunkelholz-lesung-am-23-september-im-swr-studio","status":"publish","type":"post","link":"https:\/\/freiburger-schreibkiste.de\/?p=6921","title":{"rendered":"Wie konnte es passieren, dass ihre Tochter und sie sich g\u00e4nzlich entfremdet haben?, fragt sich die Erz\u00e4hlerin Natalja Althausers in ihrem Roman &#8222;Dunkelholz&#8220;. Lesung am 23. September im SWR Studio."},"content":{"rendered":"<p>Freiburger Andruck, Moderation: Ina Held<\/p>\n<p>\u201eM\u00f6glicherweise sollte ich vom Ende her denken, um den Anfang zu finden.\u201c<\/p>\n<p>Buchen, Fichten, Tannen und vereinzelte Eichen sind Lydias neue Nachbarschaft. Der Alltag in der verlassenen H\u00fctte f\u00fcllt sich schnell mit T\u00e4tigkeiten: Holz hacken, Kamin anz\u00fcnden, Suppe kochen. Dabei zur\u00fcckschauen auf ein Leben, das einmal ihr geh\u00f6rte \u2013 die langen Gespr\u00e4che mit Markus am K\u00fcchentisch, Gutenachtgeschichten f\u00fcr Clara, ihre blonden Locken, ihr Geruch. Wie konnte es passieren, dass ihre Tochter und sie sich g\u00e4nzlich entfremdet haben? Und kann sie den bereits verloren geglaubten Kampf noch aufnehmen?<\/p>\n<p>Poetisch und zart erz\u00e4hlt die Autorin, Schauspielerin und Regisseurin Natalja Althauser in \u201eDunkelholz\u201c (Piper, 2025) von der vielleicht einzigen bedingungslosen Liebe: der Liebe einer Mutter zu ihrem Kind. Und der Frage, wo sie endet. Durch den Abend f\u00fchrt Ina Held (SWR).<\/p>\n<p class=\"small\">Mitveranstalter \u201eFreiburger Andruck\u201c: Kulturamt, Stadtbibliothek, SWR Studio und Stadttheater sowie Badische Zeitung<\/p>\n<p class=\"small\">Datum: 23.9.2025, 19:30 Uhr<br \/>\nOrt: SWR Studio Freiburg, Schlossbergsaal, Kart\u00e4userstra\u00dfe 45<br \/>\nEintritt: 9\/6 Euro<\/p>\n<p><a href=\"https:\/\/www.reservix.de\/tickets-natalja-althauser-dunkelholz-freiburger-andruck-moderation-ina-held-in-freiburg-im-breisgau-swr-studio-freiburg-am-23-9-2025\/e2443085\">Karten kaufen<\/a><\/p>\n<div class=\"function\"><a href=\"https:\/\/www.literaturhaus-freiburg.de\/wp-content\/uploads\/2024\/08\/Literaturhaus-Freiburg_Barrierefreiheit.pdf\" target=\"_blank\" rel=\"noopener\">Barrierefreiheit<\/a><\/div>\n","protected":false},"excerpt":{"rendered":"<p>Freiburger Andruck, Moderation: Ina Held \u201eM\u00f6glicherweise sollte ich vom Ende her denken, um den Anfang zu finden.\u201c Buchen, Fichten, Tannen und vereinzelte Eichen sind Lydias neue Nachbarschaft. Der Alltag in der verlassenen H\u00fctte f\u00fcllt sich schnell mit T\u00e4tigkeiten: Holz hacken,&#8230;<\/p>\n","protected":false},"author":2,"featured_media":0,"comment_status":"closed","ping_status":"open","sticky":false,"template":"","format":"standard","meta":{"jetpack_post_was_ever_published":false,"_jetpack_newsletter_access":"","_jetpack_dont_email_post_to_subs":false,"_jetpack_newsletter_tier_id":0,"_jetpack_memberships_contains_paywalled_content":false,"_jetpack_memberships_contains_paid_content":false,"footnotes":"","jetpack_publicize_message":"","jetpack_publicize_feature_enabled":true,"jetpack_social_post_already_shared":true,"jetpack_social_options":{"image_generator_settings":{"template":"highway","default_image_id":0,"font":"","enabled":false},"version":2}},"categories":[1],"tags":[],"class_list":["post-6921","post","type-post","status-publish","format-standard","hentry","category-nachrichten"],"jetpack_publicize_connections":[],"jetpack_featured_media_url":"","jetpack_sharing_enabled":true,"jetpack_shortlink":"https:\/\/wp.me\/p7mgmt-1ND","_links":{"self":[{"href":"https:\/\/freiburger-schreibkiste.de\/index.php?rest_route=\/wp\/v2\/posts\/6921","targetHints":{"allow":["GET"]}}],"collection":[{"href":"https:\/\/freiburger-schreibkiste.de\/index.php?rest_route=\/wp\/v2\/posts"}],"about":[{"href":"https:\/\/freiburger-schreibkiste.de\/index.php?rest_route=\/wp\/v2\/types\/post"}],"author":[{"embeddable":true,"href":"https:\/\/freiburger-schreibkiste.de\/index.php?rest_route=\/wp\/v2\/users\/2"}],"replies":[{"embeddable":true,"href":"https:\/\/freiburger-schreibkiste.de\/index.php?rest_route=%2Fwp%2Fv2%2Fcomments&post=6921"}],"version-history":[{"count":0,"href":"https:\/\/freiburger-schreibkiste.de\/index.php?rest_route=\/wp\/v2\/posts\/6921\/revisions"}],"wp:attachment":[{"href":"https:\/\/freiburger-schreibkiste.de\/index.php?rest_route=%2Fwp%2Fv2%2Fmedia&parent=6921"}],"wp:term":[{"taxonomy":"category","embeddable":true,"href":"https:\/\/freiburger-schreibkiste.de\/index.php?rest_route=%2Fwp%2Fv2%2Fcategories&post=6921"},{"taxonomy":"post_tag","embeddable":true,"href":"https:\/\/freiburger-schreibkiste.de\/index.php?rest_route=%2Fwp%2Fv2%2Ftags&post=6921"}],"curies":[{"name":"wp","href":"https:\/\/api.w.org\/{rel}","templated":true}]}}