{"id":6907,"date":"2025-08-17T09:18:00","date_gmt":"2025-08-17T07:18:00","guid":{"rendered":"https:\/\/freiburger-schreibkiste.de\/?p=6907"},"modified":"2025-08-15T11:21:45","modified_gmt":"2025-08-15T09:21:45","slug":"lesung-mit-manuela-fuelle-wir-kommen-nach-erzaehlt-von-zwei-frauen-zwei-generationen-und-einer-wachsenden-freundschaft","status":"publish","type":"post","link":"https:\/\/freiburger-schreibkiste.de\/?p=6907","title":{"rendered":"Lesung mit Manuela Fuelle am 23. September: \u201eWir kommen nach\u201c erz\u00e4hlt von zwei Frauen, zwei Generationen und einer wachsenden Freundschaft."},"content":{"rendered":"<p><strong>Lesung mit Manuela Fuelle \u201eWir kommen nach\u201c<\/strong><\/p>\n<p>\u201eDu bist wie eine Tochter f\u00fcr mich\u201c, sagte sie. Zwei Frauen, zwei Generationen und eine \u00fcber die Jahre wachsende Freundschaft. Mit der Krankheit und dem Sterben der \u00c4lteren beginnt das Erinnern und Erz\u00e4hlen der J\u00fcngeren zu erwachen. Die Chronistin der Familie schreibt um ihr emotionales Erbe, deutet, verwirft selten: Der Tod der Schwiegermutter wird zum Tod des eigenen Familien-ICHs \u2013 es wartet eine Wiedergeburt.<\/p>\n<p>Manuela Fuelle, geboren in Ost-Berlin, hat Evangelische Theologie und Literarisches Schreiben studiert. 2011 erschien ihr erster Roman \u201eFenster auf, Fenster zu\u201c im Kl\u00f6pfer &amp; Meyer Verlag, sp\u00e4ter der Episodenroman \u201eLuftbad Oberspree\u201c und das \u201eLexikon der Doppelw\u00f6rter\u201c im Derk Jan\u00dfen Verlag. F\u00fcr ihr Werk erhielt sie zahlreiche Stipendien und 2017 den Thadd\u00e4us-Troll-Preis.<\/p>\n<p><strong>Hauptstelle, M\u00fcnsterplatz 17, EG<\/strong><\/p>\n<p><strong>Dienstag, 23.9., 19.30 \u2013 21.00 Uhr <\/strong><\/p>\n","protected":false},"excerpt":{"rendered":"<p>Lesung mit Manuela Fuelle \u201eWir kommen nach\u201c \u201eDu bist wie eine Tochter f\u00fcr mich\u201c, sagte sie. Zwei Frauen, zwei Generationen und eine \u00fcber die Jahre wachsende Freundschaft. Mit der Krankheit und dem Sterben der \u00c4lteren beginnt das Erinnern und Erz\u00e4hlen&#8230;<\/p>\n","protected":false},"author":2,"featured_media":0,"comment_status":"closed","ping_status":"open","sticky":false,"template":"","format":"standard","meta":{"jetpack_post_was_ever_published":false,"_jetpack_newsletter_access":"","_jetpack_dont_email_post_to_subs":false,"_jetpack_newsletter_tier_id":0,"_jetpack_memberships_contains_paywalled_content":false,"_jetpack_memberships_contains_paid_content":false,"footnotes":"","jetpack_publicize_message":"","jetpack_publicize_feature_enabled":true,"jetpack_social_post_already_shared":true,"jetpack_social_options":{"image_generator_settings":{"template":"highway","default_image_id":0,"font":"","enabled":false},"version":2}},"categories":[1],"tags":[],"class_list":["post-6907","post","type-post","status-publish","format-standard","hentry","category-nachrichten"],"jetpack_publicize_connections":[],"jetpack_featured_media_url":"","jetpack_sharing_enabled":true,"jetpack_shortlink":"https:\/\/wp.me\/p7mgmt-1Np","_links":{"self":[{"href":"https:\/\/freiburger-schreibkiste.de\/index.php?rest_route=\/wp\/v2\/posts\/6907","targetHints":{"allow":["GET"]}}],"collection":[{"href":"https:\/\/freiburger-schreibkiste.de\/index.php?rest_route=\/wp\/v2\/posts"}],"about":[{"href":"https:\/\/freiburger-schreibkiste.de\/index.php?rest_route=\/wp\/v2\/types\/post"}],"author":[{"embeddable":true,"href":"https:\/\/freiburger-schreibkiste.de\/index.php?rest_route=\/wp\/v2\/users\/2"}],"replies":[{"embeddable":true,"href":"https:\/\/freiburger-schreibkiste.de\/index.php?rest_route=%2Fwp%2Fv2%2Fcomments&post=6907"}],"version-history":[{"count":0,"href":"https:\/\/freiburger-schreibkiste.de\/index.php?rest_route=\/wp\/v2\/posts\/6907\/revisions"}],"wp:attachment":[{"href":"https:\/\/freiburger-schreibkiste.de\/index.php?rest_route=%2Fwp%2Fv2%2Fmedia&parent=6907"}],"wp:term":[{"taxonomy":"category","embeddable":true,"href":"https:\/\/freiburger-schreibkiste.de\/index.php?rest_route=%2Fwp%2Fv2%2Fcategories&post=6907"},{"taxonomy":"post_tag","embeddable":true,"href":"https:\/\/freiburger-schreibkiste.de\/index.php?rest_route=%2Fwp%2Fv2%2Ftags&post=6907"}],"curies":[{"name":"wp","href":"https:\/\/api.w.org\/{rel}","templated":true}]}}