{"id":6894,"date":"2025-07-13T11:44:44","date_gmt":"2025-07-13T09:44:44","guid":{"rendered":"https:\/\/freiburger-schreibkiste.de\/?p=6894"},"modified":"2025-07-13T11:44:44","modified_gmt":"2025-07-13T09:44:44","slug":"literarischer-fruehsport-mit-schweiz-spezial-am-17-juli-im-literaturhaus-zu-gast-daniela-engist-und-peter-stamm","status":"publish","type":"post","link":"https:\/\/freiburger-schreibkiste.de\/?p=6894","title":{"rendered":"Literarischer Fr\u00fchsport mit Schweiz-Spezial, am 17. Juli im Literaturhaus. Zu Gast: Daniela Engist und Peter Stamm."},"content":{"rendered":"<section class=\"em-event-content\">Buchclub<\/p>\n<p>Der Buchclub l\u00e4dt vor der Sommerpause zu einem Schweiz-Spezial: Zu Gast sind die Freiburger Autorin Daniela Engist mit ihrer literarischen Erkundungstour durch \u201eMein Basel. Die bewegte Stadt\u201c (8 grad, 2024) und ihr Schweizer Kollege Peter Stamm mit seinem Roman \u201eIn einer dunkelblauen Stunde\u201c (S. Fischer, 2023). Er portr\u00e4tiert einen Schriftsteller, der sich seiner eigenen Vergangenheit und einem Dokumentarfilm \u00fcber seine Person entzieht. Willkommen zu Geschichten von Orten, die pr\u00e4gen, und Spuren, die bleiben. Um Anmeldung wird gebeten.<\/p>\n<p>Am Abend liest Peter Stamm dann bei den Herdermer Sommerlesungen alte und neue Erz\u00e4hlungen aus drei\u00dfig Jahren, unter anderem aus seinem neuen Erz\u00e4hlband \u201cAuf ganz d\u00fcnnem Eis\u201d, der im Herbst erscheinen wird. Es moderiert die Kuratorin der Sommerlesungen Daniela Engist. Mehr Informationen finden sich <a href=\"https:\/\/buergerverein-herdern.de\/sommerlesungen\/\">hier<\/a>.<\/p>\n<p class=\"small\">Anmeldung: <a href=\"mailto:info@literaturhaus-freiburg.de\">info@literaturhaus-freiburg.de<\/a><\/p>\n<p class=\"small\">Datum: 17.7.2025, 10\u201312 Uhr<br \/>\nOrt: Literaturhaus Freiburg, Bertoldstra\u00dfe 17<br \/>\nEintritt frei<\/p>\n<div class=\"function\"><a href=\"https:\/\/www.literaturhaus-freiburg.de\/wp-content\/uploads\/2024\/08\/Literaturhaus-Freiburg_Barrierefreiheit.pdf\" target=\"_blank\" rel=\"noopener\">Barrierefreiheit<\/a><\/div>\n<\/section>\n","protected":false},"excerpt":{"rendered":"<p>Buchclub Der Buchclub l\u00e4dt vor der Sommerpause zu einem Schweiz-Spezial: Zu Gast sind die Freiburger Autorin Daniela Engist mit ihrer literarischen Erkundungstour durch \u201eMein Basel. Die bewegte Stadt\u201c (8 grad, 2024) und ihr Schweizer Kollege Peter Stamm mit seinem Roman&#8230;<\/p>\n","protected":false},"author":2,"featured_media":0,"comment_status":"closed","ping_status":"open","sticky":false,"template":"","format":"standard","meta":{"jetpack_post_was_ever_published":false,"_jetpack_newsletter_access":"","_jetpack_dont_email_post_to_subs":false,"_jetpack_newsletter_tier_id":0,"_jetpack_memberships_contains_paywalled_content":false,"_jetpack_memberships_contains_paid_content":false,"footnotes":"","jetpack_publicize_message":"","jetpack_publicize_feature_enabled":true,"jetpack_social_post_already_shared":true,"jetpack_social_options":{"image_generator_settings":{"template":"highway","default_image_id":0,"font":"","enabled":false},"version":2}},"categories":[1],"tags":[],"class_list":["post-6894","post","type-post","status-publish","format-standard","hentry","category-nachrichten"],"jetpack_publicize_connections":[],"jetpack_featured_media_url":"","jetpack_sharing_enabled":true,"jetpack_shortlink":"https:\/\/wp.me\/p7mgmt-1Nc","_links":{"self":[{"href":"https:\/\/freiburger-schreibkiste.de\/index.php?rest_route=\/wp\/v2\/posts\/6894","targetHints":{"allow":["GET"]}}],"collection":[{"href":"https:\/\/freiburger-schreibkiste.de\/index.php?rest_route=\/wp\/v2\/posts"}],"about":[{"href":"https:\/\/freiburger-schreibkiste.de\/index.php?rest_route=\/wp\/v2\/types\/post"}],"author":[{"embeddable":true,"href":"https:\/\/freiburger-schreibkiste.de\/index.php?rest_route=\/wp\/v2\/users\/2"}],"replies":[{"embeddable":true,"href":"https:\/\/freiburger-schreibkiste.de\/index.php?rest_route=%2Fwp%2Fv2%2Fcomments&post=6894"}],"version-history":[{"count":0,"href":"https:\/\/freiburger-schreibkiste.de\/index.php?rest_route=\/wp\/v2\/posts\/6894\/revisions"}],"wp:attachment":[{"href":"https:\/\/freiburger-schreibkiste.de\/index.php?rest_route=%2Fwp%2Fv2%2Fmedia&parent=6894"}],"wp:term":[{"taxonomy":"category","embeddable":true,"href":"https:\/\/freiburger-schreibkiste.de\/index.php?rest_route=%2Fwp%2Fv2%2Fcategories&post=6894"},{"taxonomy":"post_tag","embeddable":true,"href":"https:\/\/freiburger-schreibkiste.de\/index.php?rest_route=%2Fwp%2Fv2%2Ftags&post=6894"}],"curies":[{"name":"wp","href":"https:\/\/api.w.org\/{rel}","templated":true}]}}