{"id":6878,"date":"2025-07-05T17:43:58","date_gmt":"2025-07-05T15:43:58","guid":{"rendered":"https:\/\/freiburger-schreibkiste.de\/?p=6878"},"modified":"2025-07-05T17:43:58","modified_gmt":"2025-07-05T15:43:58","slug":"lange-tafel-am-22-juli-laedt-das-literaturhaus-wieder-zu-suppe-und-brot-diesmal-mit-heidemarie-schlenk","status":"publish","type":"post","link":"https:\/\/freiburger-schreibkiste.de\/?p=6878","title":{"rendered":"Lange Tafel: Am 22. Juli l\u00e4dt das Literaturhaus wieder zu Suppe und Brot, diesmal mit Heidemarie Schlenk."},"content":{"rendered":"<section class=\"em-event-location\"><\/section>\n<section class=\"em-event-content\"><strong>Leseh\u00e4ppchen: Annette Pehnt<\/strong><\/p>\n<p>Wir laden ein zu Suppe und Brot an der langen Tafel mit Freiburger Autor*innen, \u00dcbersetzer*innen und B\u00fccherfreund*innen. Darunter Mitglieder des Literaturhaus-Tr\u00e4gervereins und solche, die es werden wollen.<\/p>\n<p>Als Ehrengast freuen wir uns mit Heidemarie Schlenk auf eine Buchh\u00e4ndlerin, die dem Literaturhaus sehr ans Herz gewachsen ist. Seit Jahrzehnten pr\u00e4gen die kolossalen B\u00fcchertische von Heidi, Susanne und ihren jos fritzler*innen das Freiburger Literaturgespr\u00e4ch, seit den Anf\u00e4ngen im Alten Wiehrebahnhof hat sie mit Herzblut, Neugier und Inspiration das werdende Literaturhaus begleitet. Nach unz\u00e4hligen Kooperationen und unglaublichen 35 Jahren beginnt f\u00fcr Heidemarie Schlenk ein Leben nach jos fritz. Im ersten Monat des Unruhestands freuen wir uns auf ihre kulinarisch-literarische Carte blanche mit Annette Pehnt. Es ist angerichtet!<\/p>\n<p class=\"small\">Datum: 22.7.25, 12:30\u201314 Uhr<br \/>\nOrt: Literaturhaus Freiburg, Bertoldstra\u00dfe 17<br \/>\nEintritt: 9\/6 Euro<\/p>\n<p><a href=\"https:\/\/www.reservix.de\/tickets-lange-tafel-mit-heidemarie-schlenk-lesehaeppchen-annette-pehnt-in-freiburg-im-breisgau-literaturhaus-freiburg-am-22-7-2025\/e2402802\">Karten kaufen<\/a><\/p>\n<\/section>\n","protected":false},"excerpt":{"rendered":"<p>Leseh\u00e4ppchen: Annette Pehnt Wir laden ein zu Suppe und Brot an der langen Tafel mit Freiburger Autor*innen, \u00dcbersetzer*innen und B\u00fccherfreund*innen. Darunter Mitglieder des Literaturhaus-Tr\u00e4gervereins und solche, die es werden wollen. Als Ehrengast freuen wir uns mit Heidemarie Schlenk auf eine&#8230;<\/p>\n","protected":false},"author":2,"featured_media":0,"comment_status":"closed","ping_status":"open","sticky":false,"template":"","format":"standard","meta":{"jetpack_post_was_ever_published":false,"_jetpack_newsletter_access":"","_jetpack_dont_email_post_to_subs":false,"_jetpack_newsletter_tier_id":0,"_jetpack_memberships_contains_paywalled_content":false,"_jetpack_memberships_contains_paid_content":false,"footnotes":"","jetpack_publicize_message":"","jetpack_publicize_feature_enabled":true,"jetpack_social_post_already_shared":true,"jetpack_social_options":{"image_generator_settings":{"template":"highway","default_image_id":0,"font":"","enabled":false},"version":2}},"categories":[1],"tags":[],"class_list":["post-6878","post","type-post","status-publish","format-standard","hentry","category-nachrichten"],"jetpack_publicize_connections":[],"jetpack_featured_media_url":"","jetpack_sharing_enabled":true,"jetpack_shortlink":"https:\/\/wp.me\/p7mgmt-1MW","_links":{"self":[{"href":"https:\/\/freiburger-schreibkiste.de\/index.php?rest_route=\/wp\/v2\/posts\/6878","targetHints":{"allow":["GET"]}}],"collection":[{"href":"https:\/\/freiburger-schreibkiste.de\/index.php?rest_route=\/wp\/v2\/posts"}],"about":[{"href":"https:\/\/freiburger-schreibkiste.de\/index.php?rest_route=\/wp\/v2\/types\/post"}],"author":[{"embeddable":true,"href":"https:\/\/freiburger-schreibkiste.de\/index.php?rest_route=\/wp\/v2\/users\/2"}],"replies":[{"embeddable":true,"href":"https:\/\/freiburger-schreibkiste.de\/index.php?rest_route=%2Fwp%2Fv2%2Fcomments&post=6878"}],"version-history":[{"count":0,"href":"https:\/\/freiburger-schreibkiste.de\/index.php?rest_route=\/wp\/v2\/posts\/6878\/revisions"}],"wp:attachment":[{"href":"https:\/\/freiburger-schreibkiste.de\/index.php?rest_route=%2Fwp%2Fv2%2Fmedia&parent=6878"}],"wp:term":[{"taxonomy":"category","embeddable":true,"href":"https:\/\/freiburger-schreibkiste.de\/index.php?rest_route=%2Fwp%2Fv2%2Fcategories&post=6878"},{"taxonomy":"post_tag","embeddable":true,"href":"https:\/\/freiburger-schreibkiste.de\/index.php?rest_route=%2Fwp%2Fv2%2Ftags&post=6878"}],"curies":[{"name":"wp","href":"https:\/\/api.w.org\/{rel}","templated":true}]}}