{"id":6801,"date":"2025-06-13T15:13:55","date_gmt":"2025-06-13T13:13:55","guid":{"rendered":"https:\/\/freiburger-schreibkiste.de\/?p=6801"},"modified":"2025-06-13T15:13:55","modified_gmt":"2025-06-13T13:13:55","slug":"das-stadtlesen-findet-diesmal-auf-dem-muensterplatz-statt-und-bietet-vom-10-bis-12-juli-ein-besonders-umfangreiches-programm-fuer-alle-generationen","status":"publish","type":"post","link":"https:\/\/freiburger-schreibkiste.de\/?p=6801","title":{"rendered":"Das StadtLesen findet diesmal auf dem M\u00fcnsterplatz statt und bietet vom 10. bis 12. Juli ein besonders umfangreiches Programm f\u00fcr alle Generationen."},"content":{"rendered":"<p><strong>StadtLesen in Freiburg auf dem M\u00fcnsterplatz<\/strong><\/p>\n<p>Ein Buch am B\u00fccherturm ausw\u00e4hlen, sich einen Sitzsack schnappen und schm\u00f6kern bis zum Sonnenuntergang. Das Lesewohnzimmer im Freien ist f\u00fcr alle offen.<\/p>\n<p><a href=\"https:\/\/www.stadtbibliothek.freiburg.de\/-\/stadtlesen\"><strong>https:\/\/www.stadtbibliothek.freiburg.de\/-\/stadtlesen<\/strong><\/a><\/p>\n<ol start=\"10\">\n<li><strong> bis 12.7., 15.00 Uhr bis zum Einbruch der Dunkelheit<\/strong><\/li>\n<\/ol>\n<p><strong>13.7., 9.00 Uhr bis zum Einbruch der Dunkelheit<\/strong><\/p>\n<p>&nbsp;<\/p>\n<p><strong>Donnerstag, 10.7., 19.30 Uhr, Bibliophiles Highlight\u00a0 <\/strong><\/p>\n<p><strong>Lesung mit Katharina Hagena \u201eFlusslinien\u201c<\/strong><\/p>\n<p>Margrit Raven ist hundertzwei und wartet auf den Tod. Fr\u00fcher war sie Stimmbildnerin, jetzt lebt sie in einer Seniorenresidenz an der Elbe. Jeden Tag l\u00e4sst sie sich von dem jungen Fahrer Arthur in den R\u00f6mischen Garten bringen.<\/p>\n<p>Die Erinnerungen halten Margrit am Leben \u2013 und die Besuche ihrer zornigen Enkelin. Luzie hat sich kurz vor dem Abitur von der Schule abgemeldet und \u00fcbernachtet nun allein in einer H\u00fctte an der Elbe.<\/p>\n<p>Und dann ist da noch Arthur. Wenn er gerade niemanden zur Dialyse f\u00e4hrt, sucht er mit einer Metallsonde den Strand ab, erfindet Sprachen, k\u00e4mpft f\u00fcr gef\u00e4hrdete Arten und ringt mit einer Schuld.<\/p>\n<p>&nbsp;<\/p>\n<p>Mit W\u00e4rme, sprachlicher Kraft und feinem Witz erz\u00e4hlt Katharina Hagena von drei Menschen, drei Schicksalen \u2013 und zw\u00f6lf Fr\u00fchsommertagen an der Elbe, die alles ver\u00e4ndern. \u201eFlusslinien\u201c ist ein Generationenroman \u00fcber das Leben mit den Wunden, die uns zeichnen, und die Frage, wie man lernt loszulassen, zu vertrauen und weiterzuatmen.<\/p>\n<p>&nbsp;<\/p>\n<p><strong>Katharina Hagena<\/strong>, geboren in Karlsruhe, lebt als freie Schriftstellerin in Hamburg. Ihre B\u00fccher wurden in mehr als zwei Dutzend Sprachen \u00fcbersetzt. \u201eFlusslinien\u201c ist ihr vierter Roman.<\/p>\n<p><strong>\u00a0<\/strong><\/p>\n<p><strong>Freitag, 11.7., Integrationslesetag<\/strong><\/p>\n<p>Wir laden Menschen mit und ohne Migrationshintergrund dazu ein, in ihrer Muttersprache selbst verfasste Texte zu pr\u00e4sentieren. Bieten Sie der V\u00f6lkerverst\u00e4ndigung eine interkulturelle B\u00fchne!<\/p>\n<p><strong>15.00 \u2013 17.00 Uhr<\/strong><\/p>\n<p><strong>Das Sprachcaf\u00e9 Deutsch der Stadtbibliothek stellt sich vor <\/strong><\/p>\n<p>In der Stadtbibliothek findet jede Woche das &#8222;Sprachcaf\u00e9 Deutsch&#8220; statt. Zum Integrationslesetag von StadtLesen stellt sich das Sprachcaf\u00e9 vor: Wir sprechen \u00fcber verschiedene Themen und machen Sprachspiele. Kommen Sie untereinander ins Gespr\u00e4ch, lernen Sie sich kennen und austauschen!<\/p>\n<p><strong>\u00a0<\/strong><\/p>\n<p><strong>Samstag, 12.7., 15.30 Uhr &#8211; Bibliophiles Highlight\u00a0 <\/strong><\/p>\n<p><strong>Lesung mit Astrid Lehmann \u201eNur ein kurzer Sommer\u201c <\/strong><\/p>\n<p>Bretagne, Juni 1940. Deutsche Panzer rollen durch die K\u00fcstenstadt Vannes. Im Chaos der Invasion liegt die junge Anne-Marie in den Wehen und droht, bei der Geburt ihres Kindes zu sterben. Im Gefolge der Wehrmacht ist der frisch ausgebildete Arzt Helmut. Er rettet der jungen Mutter das Leben und im bretonischen Sommer kommen die beiden sich n\u00e4her. Zur gleichen Zeit lebt der sechsj\u00e4hrige Emil mit seiner Familie auf einem abgelegenen Bauernhof im Nordschwarzwald fernab vom Krieg. Anne-Marie, Helmut und Emil, vom Schicksal verbunden, ahnen nicht, wie zerbrechlich ihr Gl\u00fcck ist \u2026 Ein Roman \u00fcber Liebe und Verlust inspiriert von einer wahren Geschichte.<\/p>\n<p><strong>Astrid Lehmann<\/strong><\/p>\n<p>Nach einer kurzen Kindheit in Frankreich und einer etwas l\u00e4ngeren Jugend im Schwarzwald hat Astrid Lehmann auf drei Kontinenten in gro\u00dfen Metropolen gelebt und gearbeitet. Nach vielen Jahren in der Ferne ist die Autorin und Wildpflanzenp\u00e4dagogin vor \u00fcber f\u00fcnfzehn Jahren in den Schwarzwald zur\u00fcckgekehrt.<\/p>\n<p>&nbsp;<\/p>\n<p>Lesung in Kooperation mit der Deutsch-Franz\u00f6sischen-Gesellschaft Freiburg und dem Europe Direct Freiburg.<\/p>\n<p>&nbsp;<\/p>\n<p><strong>Samstag, 12.7., 17.30 Uhr &#8211; Bibliophiles Highlight\u00a0 <\/strong><\/p>\n<p><strong>Thomas Bookclub LIVE \u2013 Der etwas andere Booktoker<\/strong><\/p>\n<p>Thomas bringt B\u00fccher auf TikTok und Instagram \u2013 ehrlich, unterhaltsam und mit einer pers\u00f6nlichen Note. Ob Neuerscheinungen, Bestseller, Klassiker oder Geheimtipps: Thomas spricht \u00fcber B\u00fccher, als w\u00fcrde er mit Freund*innen auf dem Sofa sitzen. Immer wieder auf seinem Blumensessel, mit schw\u00e4bischem Schm\u00e4h, journalistischem Blick und viel Herz f\u00fcr die Buch-Community.<\/p>\n<p>&nbsp;<\/p>\n<p><strong>Thomas Sachsenmaier<\/strong>, 1987, kommt urspr\u00fcnglich aus Schw\u00e4bisch Gm\u00fcnd und lebt aktuell in Baden-Baden. Nach seinem Studium (Germanistik, Anglistik &amp; Amerikanistik) in Deutschland und den USA ist er beim Radio gelandet &#8211; und arbeitet als Moderator und Redakteur bei DASDING vom SWR.<\/p>\n<p>&nbsp;<\/p>\n<p>Seit Mai 2025 produziert er den Content auf seinen Plattformen f\u00fcr den SWR. Thomas erhielt in 2024 eine Nominierung f\u00fcr die Longlist (die TOP 20) als \u201eBookTok Creator des Jahres\u201c bei den \u201eTikTok Book-Award 2024\u201c. Mit \u00fcber 100.000 Follower*innen z\u00e4hlt zu den erfolgreichsten m\u00e4nnlichen Content Creatorn rund ums Thema Buch im deutschsprachigen Raum.<\/p>\n<p>&nbsp;<\/p>\n<p>TikTok: @thomas_bookclub<\/p>\n<p>Instagram: @thomas_bookclub<\/p>\n<p><strong>\u00a0<\/strong><\/p>\n<p><strong>Sonntag, 13.7., Familienlesetag<\/strong><\/p>\n<p><strong>15.00 Uhr<\/strong><\/p>\n<p><strong>Theater Budenzauber spielt \u201eGegen\u00fcber-Insel\u201c<\/strong><\/p>\n<p>Zwei Inseln, blau und gelb. Zwei Personen, Blau und Gelb. Jede lebt allein ihren ganz eigenen speziellen Tagesablauf. Blau liebt Einsamkeit und Rituale. Gelb m\u00f6chte gerne etwas erleben und vor allem wissen, was da auf der blauen Gegen\u00fcber-Insel passiert. Eines Tages erblicken sich die beiden auf ganz unerwartete Weise. Und jetzt? K\u00f6nnen sie sich kennenlernen? Was k\u00f6nnen sie zusammen machen? Wieviel Gemeinsamkeit ist trotz gro\u00dfer Unterschiede m\u00f6glich? Und das alles auch noch mit Abstand\u2026<\/p>\n<p>Ein fr\u00f6hliches St\u00fcck dar\u00fcber, dass es Neugier, Verst\u00e4ndigung und Freundschaft braucht, um Fremdheit und Distanz zu \u00fcberwinden. F\u00fcr Kinder ab 4 Jahren.<\/p>\n<p><strong>16.30 Uhr<\/strong><\/p>\n<p><strong>Rosa M\u00fcller-Gantert (Theater Karawane) erz\u00e4hlt \u201eGeschichten aus allen vier Winden\u201c<\/strong><\/p>\n<p>\u00dcberall auf der Welt, egal in welche Himmelsrichtung wir schauen, erz\u00e4hlten sich die Menschen M\u00e4rchen, Geschichten und Mythen.<\/p>\n<p>Wir h\u00f6ren von riesigen Bauwerken, zornigen Herrschern, \u00fcberm\u00fctigen Flamingos und staunen \u00fcber listige Urwaldv\u00f6gel.<\/p>\n<p>Und doch verstehen wir den Humor und den tieferen Sinn, obwohl die Geschichten in einer fremden Sprache am anderen Ende der Welt erdacht wurden.<\/p>\n<p>Rosa M\u00fcller-Gantert erz\u00e4hlt diese Geschichten und M\u00e4rchen aus allen<\/p>\n<p>vier Winden<\/p>\n<p>&#8211; Die gro\u00dfe Mauer<\/p>\n<p>&#8211; Die Str\u00fcmpfe der Flamingos<\/p>\n<p>&#8211; Die Prinzessin auf der Erbse<\/p>\n<p>&#8211; Vom Vogel, der einen guten Rat bekam<\/p>\n<p>&#8211; Warum es keinen Krieg geben kann<\/p>\n<p>und begleitet die Erz\u00e4hlung z.T. mit Zeichnungen und Figuren aus Papier.<\/p>\n<p><strong>M\u00fcnsterplatz vor der Stadtbibliothek<\/strong><\/p>\n<p><strong>\u00a0<\/strong><\/p>\n<p><strong>Samstag, 12.7., 19.00 \u2013 22.00 Uhr <\/strong><\/p>\n<p><strong>Deluxe &#8211; lange Nacht der Jugendkultur<\/strong><\/p>\n<p><strong>Graffiti-Workshop f\u00fcr Jugendliche<\/strong><\/p>\n<p>Unter der fachkundigen Anleitung der Graffiti-K\u00fcnstlerin Marleen Th\u00fcringer lernen die Jugendlichen die Grundlagen der Street Art kennen \u2013 von der Erstellung einer Vorlage bis hin zum Umgang mit der Spraydose. Dabei steht das kreative Arbeiten mit verschiedenen Motiven auf Leinwand im Mittelpunkt.<\/p>\n<p>Der Workshop ist Teil des landesweiten Projekts \u201eDeluxe \u2013 Lange Nacht der Jugendkultur Baden-W\u00fcrttemberg\u201d, das junge Menschen zum Mitmachen und Ausprobieren einl\u00e4dt. Die Veranstaltung wird vom Ministerium f\u00fcr Soziales, Gesundheit und Integration aus Mitteln des Landes Baden-W\u00fcrttemberg gef\u00f6rdert.<\/p>\n<p>&nbsp;<\/p>\n<p><strong>Marleen Th\u00fcringer<\/strong> absolvierte in M\u00fcnchen ihre Ausbildung zur Kunsttherapeutin. Sie gibt Graffiti- und Kunstkurse in Schulen und sozialen Einrichtungen und bietet eigene Kunstworkshops an. Sie ist Mitglied in der Ateliergemeinschaft &#8222;Kunstgegehge e.V.&#8220;, ist als freie K\u00fcnstlerin bei Kubus3 und als Dozentin in der Kunstwerkstatt am Kolleg St. Blasien sowie an weiteren Jugendkunstschulen im Umkreis t\u00e4tig.<\/p>\n<p>&nbsp;<\/p>\n<p>F\u00fcr Jugendliche ab 13 Jahren, 10 freie Pl\u00e4tze.<\/p>\n<p>Der Workshop ist kostenlos, eine Teilnahme ist nur mit Anmeldung unter<\/p>\n<p><a href=\"mailto:veranstaltungen-stadtbibliothek@freiburg.de\">veranstaltungen-stadtbibliothek@freiburg.de<\/a> m\u00f6glich.<\/p>\n<p><strong>M\u00fcnsterplatz vor der Stadtbibliothek<\/strong><\/p>\n<p><strong>\u00a0<\/strong><\/p>\n<p><strong>\u00a0<\/strong><\/p>\n<p>&nbsp;<\/p>\n","protected":false},"excerpt":{"rendered":"<p>StadtLesen in Freiburg auf dem M\u00fcnsterplatz Ein Buch am B\u00fccherturm ausw\u00e4hlen, sich einen Sitzsack schnappen und schm\u00f6kern bis zum Sonnenuntergang. Das Lesewohnzimmer im Freien ist f\u00fcr alle offen. https:\/\/www.stadtbibliothek.freiburg.de\/-\/stadtlesen bis 12.7., 15.00 Uhr bis zum Einbruch der Dunkelheit 13.7., 9.00&#8230;<\/p>\n","protected":false},"author":2,"featured_media":0,"comment_status":"closed","ping_status":"open","sticky":false,"template":"","format":"standard","meta":{"jetpack_post_was_ever_published":false,"_jetpack_newsletter_access":"","_jetpack_dont_email_post_to_subs":false,"_jetpack_newsletter_tier_id":0,"_jetpack_memberships_contains_paywalled_content":false,"_jetpack_memberships_contains_paid_content":false,"footnotes":"","jetpack_publicize_message":"","jetpack_publicize_feature_enabled":true,"jetpack_social_post_already_shared":true,"jetpack_social_options":{"image_generator_settings":{"template":"highway","default_image_id":0,"font":"","enabled":false},"version":2}},"categories":[1],"tags":[],"class_list":["post-6801","post","type-post","status-publish","format-standard","hentry","category-nachrichten"],"jetpack_publicize_connections":[],"jetpack_featured_media_url":"","jetpack_sharing_enabled":true,"jetpack_shortlink":"https:\/\/wp.me\/p7mgmt-1LH","_links":{"self":[{"href":"https:\/\/freiburger-schreibkiste.de\/index.php?rest_route=\/wp\/v2\/posts\/6801","targetHints":{"allow":["GET"]}}],"collection":[{"href":"https:\/\/freiburger-schreibkiste.de\/index.php?rest_route=\/wp\/v2\/posts"}],"about":[{"href":"https:\/\/freiburger-schreibkiste.de\/index.php?rest_route=\/wp\/v2\/types\/post"}],"author":[{"embeddable":true,"href":"https:\/\/freiburger-schreibkiste.de\/index.php?rest_route=\/wp\/v2\/users\/2"}],"replies":[{"embeddable":true,"href":"https:\/\/freiburger-schreibkiste.de\/index.php?rest_route=%2Fwp%2Fv2%2Fcomments&post=6801"}],"version-history":[{"count":0,"href":"https:\/\/freiburger-schreibkiste.de\/index.php?rest_route=\/wp\/v2\/posts\/6801\/revisions"}],"wp:attachment":[{"href":"https:\/\/freiburger-schreibkiste.de\/index.php?rest_route=%2Fwp%2Fv2%2Fmedia&parent=6801"}],"wp:term":[{"taxonomy":"category","embeddable":true,"href":"https:\/\/freiburger-schreibkiste.de\/index.php?rest_route=%2Fwp%2Fv2%2Fcategories&post=6801"},{"taxonomy":"post_tag","embeddable":true,"href":"https:\/\/freiburger-schreibkiste.de\/index.php?rest_route=%2Fwp%2Fv2%2Ftags&post=6801"}],"curies":[{"name":"wp","href":"https:\/\/api.w.org\/{rel}","templated":true}]}}