{"id":6793,"date":"2025-06-11T12:18:15","date_gmt":"2025-06-11T10:18:15","guid":{"rendered":"https:\/\/freiburger-schreibkiste.de\/?p=6793"},"modified":"2025-06-02T12:21:03","modified_gmt":"2025-06-02T10:21:03","slug":"10-jahre-freileser-der-lese-kiosk-feiert-seinen-geburtstag-im-neuen-aufregenden-gewand-und-in-den-sommerferien-macht-er-wieder-seine-runde","status":"publish","type":"post","link":"https:\/\/freiburger-schreibkiste.de\/?p=6793","title":{"rendered":"10 Jahre Freileser! Der Lese-Kiosk feiert seinen Geburtstag im neuen, aufregenden Gewand. Und in den Sommerferien macht er wieder seine Runde &#8230;"},"content":{"rendered":"<h2><\/h2>\n<p>Lese-Kiosk und Freiluft-Aktionen f\u00fcr Kinder und Familien<\/p>\n<p>Zum ersten zweistelligen Geburtstag hat der Freiburger K\u00fcnstler und BauMit-Aktivist Jens Burde eine Neuauflage unseres \u201eFreileser\u201c-Fahrrads entwickelt \u2013 der hei\u00dfgeliebte Lese-Kiosk pr\u00e4sentiert sich im neuen, aufregenden Gewand. Bei gutem Wetter steuert das umgebaute Lastenfahrrad Freiburger Freib\u00e4der und andere gr\u00fcne Inseln der Stadt an. An Bord: Bilderb\u00fccher, Kinderromane, Sachb\u00fccher, Comics und vieles mehr.<\/p>\n<p>Herzlich willkommen beim St\u00f6bern und Schm\u00f6kern, zu Kurzlesungen, Kamishibai-Theater und Aktionen unter freiem Himmel. Der aktuelle \u201eFreileser\u201c-Standort findet sich ab Juli an dieser Stelle und auf unserer Instagram-Seite.<\/p>\n<p class=\"small\">F\u00f6rderer: F\u00f6rderkreis Literaturhaus Freiburg e.V., Sparkasse Freiburg-N\u00f6rdlicher Breisgau, Volksbank Freiburg, Eugen-Martin-Stiftung und Regio B\u00e4der GmbH<\/p>\n<p class=\"small\">Datum: Sommerferien<br \/>\nOrte: im Freibad, auf Schulh\u00f6fen und \u00f6ffentlichen Pl\u00e4tzen \u2013 Standorte ab Juli unter <a href=\"http:\/\/www.instagram.com\/literaturhaus_freiburg\">www.instagram.com\/literaturhaus_freiburg<\/a><br \/>\nEintritt frei<\/p>\n<div class=\"function\"><a href=\"https:\/\/www.literaturhaus-freiburg.de\/wp-content\/uploads\/2024\/08\/Literaturhaus-Freiburg_Barrierefreiheit.pdf\" target=\"_blank\" rel=\"noopener\">Barrierefreiheit<\/a><\/div>\n","protected":false},"excerpt":{"rendered":"<p>Lese-Kiosk und Freiluft-Aktionen f\u00fcr Kinder und Familien Zum ersten zweistelligen Geburtstag hat der Freiburger K\u00fcnstler und BauMit-Aktivist Jens Burde eine Neuauflage unseres \u201eFreileser\u201c-Fahrrads entwickelt \u2013 der hei\u00dfgeliebte Lese-Kiosk pr\u00e4sentiert sich im neuen, aufregenden Gewand. Bei gutem Wetter steuert das umgebaute&#8230;<\/p>\n","protected":false},"author":2,"featured_media":0,"comment_status":"closed","ping_status":"open","sticky":false,"template":"","format":"standard","meta":{"jetpack_post_was_ever_published":false,"_jetpack_newsletter_access":"","_jetpack_dont_email_post_to_subs":false,"_jetpack_newsletter_tier_id":0,"_jetpack_memberships_contains_paywalled_content":false,"_jetpack_memberships_contains_paid_content":false,"footnotes":"","jetpack_publicize_message":"","jetpack_publicize_feature_enabled":true,"jetpack_social_post_already_shared":true,"jetpack_social_options":{"image_generator_settings":{"template":"highway","default_image_id":0,"font":"","enabled":false},"version":2}},"categories":[1],"tags":[],"class_list":["post-6793","post","type-post","status-publish","format-standard","hentry","category-nachrichten"],"jetpack_publicize_connections":[],"jetpack_featured_media_url":"","jetpack_sharing_enabled":true,"jetpack_shortlink":"https:\/\/wp.me\/p7mgmt-1Lz","_links":{"self":[{"href":"https:\/\/freiburger-schreibkiste.de\/index.php?rest_route=\/wp\/v2\/posts\/6793","targetHints":{"allow":["GET"]}}],"collection":[{"href":"https:\/\/freiburger-schreibkiste.de\/index.php?rest_route=\/wp\/v2\/posts"}],"about":[{"href":"https:\/\/freiburger-schreibkiste.de\/index.php?rest_route=\/wp\/v2\/types\/post"}],"author":[{"embeddable":true,"href":"https:\/\/freiburger-schreibkiste.de\/index.php?rest_route=\/wp\/v2\/users\/2"}],"replies":[{"embeddable":true,"href":"https:\/\/freiburger-schreibkiste.de\/index.php?rest_route=%2Fwp%2Fv2%2Fcomments&post=6793"}],"version-history":[{"count":0,"href":"https:\/\/freiburger-schreibkiste.de\/index.php?rest_route=\/wp\/v2\/posts\/6793\/revisions"}],"wp:attachment":[{"href":"https:\/\/freiburger-schreibkiste.de\/index.php?rest_route=%2Fwp%2Fv2%2Fmedia&parent=6793"}],"wp:term":[{"taxonomy":"category","embeddable":true,"href":"https:\/\/freiburger-schreibkiste.de\/index.php?rest_route=%2Fwp%2Fv2%2Fcategories&post=6793"},{"taxonomy":"post_tag","embeddable":true,"href":"https:\/\/freiburger-schreibkiste.de\/index.php?rest_route=%2Fwp%2Fv2%2Ftags&post=6793"}],"curies":[{"name":"wp","href":"https:\/\/api.w.org\/{rel}","templated":true}]}}