{"id":6442,"date":"2025-01-05T14:40:00","date_gmt":"2025-01-05T13:40:00","guid":{"rendered":"https:\/\/freiburger-schreibkiste.de\/?p=6442"},"modified":"2025-01-05T14:49:29","modified_gmt":"2025-01-05T13:49:29","slug":"frisch-erschienen-leuchtende-sprachbildern-fuer-dunkle-zeiten-heide-jahnke-die-lyrikerin-aus-kirchzarten-legt-mit-vom-farbigen-abglanz-einen-neuen-gedichtband-vor","status":"publish","type":"post","link":"https:\/\/freiburger-schreibkiste.de\/?p=6442","title":{"rendered":"Lesetipp von Sylvia Schmieder: komm freund\/ins off. Heide Jahnkes neuer Lyrikband \u201evom farbigen abglanz\u201c zeigt die charmante Meisterschaft dieser Lyrikerin in ihrer ganzen Bandbreite."},"content":{"rendered":"<p>Die 1939 geborene Heide Jahnke aus Buchenbach hat erst mit sechzig Jahren literarisch zu schreiben begonnen \u2013 nach ihrer Familienphase mit zahlreichen Nebenbesch\u00e4ftigungen, unter anderem journalistischer T\u00e4tigkeit f\u00fcr die \u201eBadische Zeitung\u201c. \u201evom farbigen abglanz\u201c ist ihre achte eigenst\u00e4ndige Publikation. Der Titel spielt auf Goethes Verse an, die er dem \u201eFaust II\u201c voranstellte und in denen die Indirektheit unseres Erlebens und Begreifens ausgedr\u00fcckt wird: \u201eAm farbigen Abglanz haben wir das Leben.\u201c<\/p>\n<p><em>naturbilder<\/em> ist der erste Teil des Lyrikbandes \u00fcberschrieben, und gleich wird klar, dass die Naturbetrachtung nach wie vor ihr Herzensthema ist. So in dem sechsteiligen Zyklus <em>winterfarben<\/em>. Die Wintersonne <em>zieht fransen am dach lang, melkt und poliert sie<\/em>\/<em>und dr\u00fcckt im gem\u00fctsgrau die taste l\u00f6schen<\/em>. Nicht nur hier arbeitet sie \u2013 f\u00fcr heutige Verh\u00e4ltnisse in der Lyrik \u2013 handwerklich au\u00dfergew\u00f6hnlich versiert und sorgf\u00e4ltig, setzt Lautung, Rhythmus, Stil meisterhaft ein. Dennoch wirkt da nichts allzu gewollt oder in Verkl\u00e4rung erstarrt. Sie beschreibt genau, ohne zu sch\u00f6nen, und verbeugt sich auf immer neue Weise vor dem Geheimnis Natur.<\/p>\n<p><em>dazwischen gl\u00e4nzt in altschnee und erstorbnem<br \/>\n<\/em><em>zertretnem laub sehr rot ein keim<br \/>\n<\/em><em>zorniges rot wie das von neugebornen<br \/>\n<\/em><em>breitschultrig stemmt er sich aus seiner raum-<br \/>\n<\/em><em>kapsel, ihrem braunpolierten lack<br \/>\n<\/em><em>bereit, eichbaum zu werden oder wildschwein-<br \/>\n<\/em><em>snack<\/em><\/p>\n<p>Der zweite Teil, <em>ortsbilder<\/em>, wird schon im Untertitel ironisch. Der <em>wohnraum\/ f\u00fcr gehobene spr\u00fcche im gr\u00fcnen <\/em>verdr\u00e4ngt genau dieses Gr\u00fcn, das wir so n\u00f6tig haben<em>.<\/em> Und die Menschen bauen sich einen <em>Schutzwall von gabionen\/ein verlie\u00df ums teure eigenheim<\/em>. So bissig, so reduziert und dennoch verspielt k\u00f6nnen das nur wenige. Auch in diesen Gedichten spielt die Natur eine zentrale Rolle, wird als (schwindender) Kraftort erlebt, ohne jedes esoterische Geschwurbel.<\/p>\n<p>Immer h\u00e4ufiger klingt jetzt ein weiteres Thema an: Altern und Tod. Im letzten Teil, <em>menschenbilder<\/em>, gewinnt die Autorin dieser existentiellen Erfahrung besonders anr\u00fchrende und gleichzeitig humorvoll-selbstironische Verse ab. So in dem Gedicht <em>die r\u00fcckst\u00e4ndige<\/em>, in dem sie H\u00f6lderlins \u201eDer Gang aufs Land\u201c neu interpretiert:<\/p>\n<p><em>trage was nachw\u00e4chst das innre<br \/>\n<\/em><em>gesicht in die dunkelnden w\u00e4lder<br \/>\n<\/em><em>dort gelassen zu bleiben<\/em><em>\u00a0<\/em><\/p>\n<p><em>pfeifend auf followers<br \/>\n<\/em><em>abgeh\u00e4ngt. komm freund<br \/>\n<\/em><em>ins off<\/em><\/p>\n<p>Ohne Selbstmitleid, charmant und brillant benennt sie die Schw\u00e4chen unserer Zeit, ohne die eigene Schw\u00e4che zu verschweigen. Man kann nur hoffen, dass diese Autorin \u2013 im Gegensatz zu dem von ihr portr\u00e4tierten <em>misanthropen<\/em> \u2013 noch lange nicht <em>verstimmt verstummt<\/em>.<\/p>\n<p><strong>Heide Jahnke, vom farbigen abglanz. Gedichte.<\/strong><br \/>\n<strong>96 S. mit S\/W-Fotografien von Arne Schneider<\/strong><br \/>\n<strong>Drey-Verlag, ISBN 978-3-948482-10-7, 20.- \u20ac<\/strong><\/p>\n<p><strong>\u00a0<\/strong><\/p>\n","protected":false},"excerpt":{"rendered":"<p>Die 1939 geborene Heide Jahnke aus Buchenbach hat erst mit sechzig Jahren literarisch zu schreiben begonnen \u2013 nach ihrer Familienphase mit zahlreichen Nebenbesch\u00e4ftigungen, unter anderem journalistischer T\u00e4tigkeit f\u00fcr die \u201eBadische Zeitung\u201c. \u201evom farbigen abglanz\u201c ist ihre achte eigenst\u00e4ndige Publikation. Der&#8230;<\/p>\n","protected":false},"author":2,"featured_media":6446,"comment_status":"closed","ping_status":"open","sticky":false,"template":"","format":"standard","meta":{"jetpack_post_was_ever_published":false,"_jetpack_newsletter_access":"","_jetpack_dont_email_post_to_subs":false,"_jetpack_newsletter_tier_id":0,"_jetpack_memberships_contains_paywalled_content":false,"_jetpack_memberships_contains_paid_content":false,"footnotes":"","jetpack_publicize_message":"","jetpack_publicize_feature_enabled":true,"jetpack_social_post_already_shared":true,"jetpack_social_options":{"image_generator_settings":{"template":"highway","default_image_id":0,"font":"","enabled":false},"version":2}},"categories":[1],"tags":[],"class_list":["post-6442","post","type-post","status-publish","format-standard","has-post-thumbnail","hentry","category-nachrichten"],"jetpack_publicize_connections":[],"jetpack_featured_media_url":"https:\/\/freiburger-schreibkiste.de\/wp-content\/uploads\/2024\/12\/vomfarbigen-abglanz-umschlag_Layout-1-1-scaled.jpg","jetpack_sharing_enabled":true,"jetpack_shortlink":"https:\/\/wp.me\/p7mgmt-1FU","_links":{"self":[{"href":"https:\/\/freiburger-schreibkiste.de\/index.php?rest_route=\/wp\/v2\/posts\/6442","targetHints":{"allow":["GET"]}}],"collection":[{"href":"https:\/\/freiburger-schreibkiste.de\/index.php?rest_route=\/wp\/v2\/posts"}],"about":[{"href":"https:\/\/freiburger-schreibkiste.de\/index.php?rest_route=\/wp\/v2\/types\/post"}],"author":[{"embeddable":true,"href":"https:\/\/freiburger-schreibkiste.de\/index.php?rest_route=\/wp\/v2\/users\/2"}],"replies":[{"embeddable":true,"href":"https:\/\/freiburger-schreibkiste.de\/index.php?rest_route=%2Fwp%2Fv2%2Fcomments&post=6442"}],"version-history":[{"count":0,"href":"https:\/\/freiburger-schreibkiste.de\/index.php?rest_route=\/wp\/v2\/posts\/6442\/revisions"}],"wp:featuredmedia":[{"embeddable":true,"href":"https:\/\/freiburger-schreibkiste.de\/index.php?rest_route=\/wp\/v2\/media\/6446"}],"wp:attachment":[{"href":"https:\/\/freiburger-schreibkiste.de\/index.php?rest_route=%2Fwp%2Fv2%2Fmedia&parent=6442"}],"wp:term":[{"taxonomy":"category","embeddable":true,"href":"https:\/\/freiburger-schreibkiste.de\/index.php?rest_route=%2Fwp%2Fv2%2Fcategories&post=6442"},{"taxonomy":"post_tag","embeddable":true,"href":"https:\/\/freiburger-schreibkiste.de\/index.php?rest_route=%2Fwp%2Fv2%2Ftags&post=6442"}],"curies":[{"name":"wp","href":"https:\/\/api.w.org\/{rel}","templated":true}]}}