{"id":6039,"date":"2024-08-20T09:39:44","date_gmt":"2024-08-20T07:39:44","guid":{"rendered":"https:\/\/freiburger-schreibkiste.de\/?p=6039"},"modified":"2024-08-20T09:46:39","modified_gmt":"2024-08-20T07:46:39","slug":"buchtipp-von-heide-jahnke-dies-geatmete-licht-des-gschnupfti-liecht-von-markus-manfred-jung-und-bettina-bohn","status":"publish","type":"post","link":"https:\/\/freiburger-schreibkiste.de\/?p=6039","title":{"rendered":"Buchtipp von Heide Jahnke: \u201eDies geatmete Licht\u201c \/ \u201eDes gschnupfti liecht\u201c von Markus Manfred Jung und Bettina Bohn."},"content":{"rendered":"<p>Von den Medien (noch) unbeachtet ist in diesem Sommer ein Buch erschienen, dem durchaus gr\u00f6\u00dfere Aufmerksamkeit zu w\u00fcnschen ist.<\/p>\n<p>\u201eDies geatmete Licht\u201c \/ \u201eDes gschnupfti liecht\u201c aus dem Schweizer Verlag Bucher ist Gedichtband und gro\u00dfformatiges Bilderbuch zugleich. Der Mundartdichter Markus Manfred Jung und seine Frau, die Malerin Bettina Bohn sind da, zusammen oder auch allein, durch ihre engste Heimat, den s\u00fcdlichen Schwarzwald gestreift und haben ihre Eindr\u00fccke zu Papier und Leinwand gebracht, \u2013 ohne sich gegenseitig illustrieren oder interpretieren zu wollen. Entstanden sind im Lauf mehrerer Jahre dreiunddrei\u00dfig Gedichte, teils alemannisch, teils hochdeutsch und dreiunddrei\u00dfig zartfarbige Impressionen, die zusammen eine atmosph\u00e4rische Einheit bilden, die immer wieder dazu einl\u00e4dt, sich darin zu vertiefen.<\/p>\n<p>Die Bilder, an der Grenze zur Abstraktion, lassen Raum f\u00fcr eigene Assoziationen, und die Verse, vor allem die alemannischen, sollte man schmecken und kauen, um den Schwarzwald darin zu sp\u00fcren. Es ist ein gelassenes, fast beil\u00e4ufiges Schauen auf kleinste Ver\u00e4nderungen und Nuancen in der Natur, in der Landschaft und letztlich im k\u00fcnstlerischen Subjekt, das sich als Teil davon versteht; und das gilt wohl f\u00fcr beide K\u00fcnstler.<\/p>\n<p>Herzst\u00fcck des Bandes ist das lange Prosagedicht \u00fcber das Gehen im Nebel: ein wortgewaltiges St\u00fcck Mundart-Literatur mit Sogkraft!<\/p>\n<p>Bei den Versen h\u00e4tte es meines Erachtens der \u00dcbertragung ins Hochdeutsche nicht bedurft. Sie werden dadurch im Vergleich zu glatt und nehmen den Originalen etwas vom rauen Schmelz der Mundart. Aber welch ein Reichtum, sich in beiden Idiomen bewegen zu k\u00f6nnen und welch eine Bereicherung f\u00fcr Leserin und Leser!<\/p>\n<p style=\"text-align: right;\"><em>Heide Jahnke<\/em><\/p>\n<p><em><strong>Bettina Bohn &amp; Markus Manfred Jung \u2013 Dies geatmete Licht \/ Des gschnupfti Liecht<\/strong>, Bucher Verlag, Limitierte Auflage 333 Exemplare, Alle B\u00fccher nummeriert und handsigniert von Bettina Bohn und Markus Manfred Jung, \u20ac\u00a030,00.<\/em><\/p>\n<p>Link zum Verlag: <a href=\"https:\/\/www.bucherverlag.com\/neuerscheinungen\/p\/bettina-bohn-markus-manfred-jung-dies-geatmete-lichttag-4xcpc\">https:\/\/www.bucherverlag.com\/neuerscheinungen\/p\/bettina-bohn-markus-manfred-jung-dies-geatmete-lichttag-4xcpc<\/a><\/p>\n","protected":false},"excerpt":{"rendered":"<p>Von den Medien (noch) unbeachtet ist in diesem Sommer ein Buch erschienen, dem durchaus gr\u00f6\u00dfere Aufmerksamkeit zu w\u00fcnschen ist. \u201eDies geatmete Licht\u201c \/ \u201eDes gschnupfti liecht\u201c aus dem Schweizer Verlag Bucher ist Gedichtband und gro\u00dfformatiges Bilderbuch zugleich. Der Mundartdichter Markus&#8230;<\/p>\n","protected":false},"author":2,"featured_media":6044,"comment_status":"closed","ping_status":"open","sticky":false,"template":"","format":"standard","meta":{"jetpack_post_was_ever_published":false,"_jetpack_newsletter_access":"","_jetpack_dont_email_post_to_subs":false,"_jetpack_newsletter_tier_id":0,"_jetpack_memberships_contains_paywalled_content":false,"_jetpack_memberships_contains_paid_content":false,"footnotes":"","jetpack_publicize_message":"","jetpack_publicize_feature_enabled":true,"jetpack_social_post_already_shared":true,"jetpack_social_options":{"image_generator_settings":{"template":"highway","default_image_id":0,"font":"","enabled":false},"version":2}},"categories":[1],"tags":[],"class_list":["post-6039","post","type-post","status-publish","format-standard","has-post-thumbnail","hentry","category-nachrichten"],"jetpack_publicize_connections":[],"jetpack_featured_media_url":"https:\/\/freiburger-schreibkiste.de\/wp-content\/uploads\/2024\/08\/dies-geatmete-licht-des-gschnupfti-liecht-kunststoff-einband-markus-manfred-jung-1-e1724139964689.jpeg","jetpack_sharing_enabled":true,"jetpack_shortlink":"https:\/\/wp.me\/p7mgmt-1zp","_links":{"self":[{"href":"https:\/\/freiburger-schreibkiste.de\/index.php?rest_route=\/wp\/v2\/posts\/6039","targetHints":{"allow":["GET"]}}],"collection":[{"href":"https:\/\/freiburger-schreibkiste.de\/index.php?rest_route=\/wp\/v2\/posts"}],"about":[{"href":"https:\/\/freiburger-schreibkiste.de\/index.php?rest_route=\/wp\/v2\/types\/post"}],"author":[{"embeddable":true,"href":"https:\/\/freiburger-schreibkiste.de\/index.php?rest_route=\/wp\/v2\/users\/2"}],"replies":[{"embeddable":true,"href":"https:\/\/freiburger-schreibkiste.de\/index.php?rest_route=%2Fwp%2Fv2%2Fcomments&post=6039"}],"version-history":[{"count":0,"href":"https:\/\/freiburger-schreibkiste.de\/index.php?rest_route=\/wp\/v2\/posts\/6039\/revisions"}],"wp:featuredmedia":[{"embeddable":true,"href":"https:\/\/freiburger-schreibkiste.de\/index.php?rest_route=\/wp\/v2\/media\/6044"}],"wp:attachment":[{"href":"https:\/\/freiburger-schreibkiste.de\/index.php?rest_route=%2Fwp%2Fv2%2Fmedia&parent=6039"}],"wp:term":[{"taxonomy":"category","embeddable":true,"href":"https:\/\/freiburger-schreibkiste.de\/index.php?rest_route=%2Fwp%2Fv2%2Fcategories&post=6039"},{"taxonomy":"post_tag","embeddable":true,"href":"https:\/\/freiburger-schreibkiste.de\/index.php?rest_route=%2Fwp%2Fv2%2Ftags&post=6039"}],"curies":[{"name":"wp","href":"https:\/\/api.w.org\/{rel}","templated":true}]}}