{"id":5790,"date":"2024-02-27T16:51:58","date_gmt":"2024-02-27T15:51:58","guid":{"rendered":"https:\/\/freiburger-schreibkiste.de\/?p=5790"},"modified":"2024-02-27T16:53:03","modified_gmt":"2024-02-27T15:53:03","slug":"die-reise-vom-entwurf-in-die-innere-geschichte-geht-weiter-seminar-orchestrierung-mit-bernd-storz-und-andreas-kirchgaessner-vom-12-bis-14-april-im-studienhaus-wiesneck","status":"publish","type":"post","link":"https:\/\/freiburger-schreibkiste.de\/?p=5790","title":{"rendered":"Die Reise vom Entwurf in die innere Geschichte geht weiter. Seminar &#8222;Orchestrierung&#8220; mit Bernd Storz und Andreas Kirchg\u00e4\u00dfner, vom 12. bis 14. April im Studienhaus Wiesneck."},"content":{"rendered":"<p><strong>Wochenendseminar<\/strong><br \/>\n<strong>Die Reise vom Entwurf in die innere Geschichte<\/strong><br \/>\n<strong>Die Orchestrierung<\/strong><br \/>\n12.04. \u2013 14.04.2024<br \/>\nim Studienhaus Wiesneck, Wiesneckerstra\u00dfe 6, 79256 Buchenbach.<br \/>\nTrainer: Bernd Storz, Andreas Kirchg\u00e4\u00dfner<\/p>\n<p>Ausgehend von den tragenden S\u00e4ulen der Teilnehmer-Geschichten (Hauptfiguren, Opening, Aufl\u00f6sung, Zentraler Konflikt) verdichten wir das dramatische Ger\u00fcst und brechen den tragenden Konflikt auf Erz\u00e4hlsequenzen herunter. Jeder Teilnehmer muss eine Geschichte mitbringen, die so reif ist, dass man Hauptfiguren, Schaupl\u00e4tze und &#8211; in groben Z\u00fcgen \u2013 die Handlung erz\u00e4hlen kann.<br \/>\nAchtung! Eine Teilnahme o h n e Geschichte ist nicht m\u00f6glich.<br \/>\nDiese soll bis zwei Wochen vor Seminarbeginn vorliegen (2 bis 10 Seiten-Expos\u00e9s, Kurzbeschreibungen, Entw\u00fcrfe gen\u00fcgen).<br \/>\nWeitere Infos und Anmeldung: <a href=\"https:\/\/story-camp.de\/seminare\/\">https:\/\/story-camp.de\/seminare\/<\/a><\/p>\n","protected":false},"excerpt":{"rendered":"<p>Wochenendseminar Die Reise vom Entwurf in die innere Geschichte Die Orchestrierung 12.04. \u2013 14.04.2024 im Studienhaus Wiesneck, Wiesneckerstra\u00dfe 6, 79256 Buchenbach. Trainer: Bernd Storz, Andreas Kirchg\u00e4\u00dfner Ausgehend von den tragenden S\u00e4ulen der Teilnehmer-Geschichten (Hauptfiguren, Opening, Aufl\u00f6sung, Zentraler Konflikt) verdichten wir&#8230;<\/p>\n","protected":false},"author":2,"featured_media":0,"comment_status":"closed","ping_status":"open","sticky":false,"template":"","format":"standard","meta":{"jetpack_post_was_ever_published":false,"_jetpack_newsletter_access":"","_jetpack_dont_email_post_to_subs":false,"_jetpack_newsletter_tier_id":0,"_jetpack_memberships_contains_paywalled_content":false,"_jetpack_memberships_contains_paid_content":false,"footnotes":"","jetpack_publicize_message":"","jetpack_publicize_feature_enabled":true,"jetpack_social_post_already_shared":true,"jetpack_social_options":{"image_generator_settings":{"template":"highway","default_image_id":0,"font":"","enabled":false},"version":2}},"categories":[1],"tags":[],"class_list":["post-5790","post","type-post","status-publish","format-standard","hentry","category-nachrichten"],"jetpack_publicize_connections":[],"jetpack_featured_media_url":"","jetpack_sharing_enabled":true,"jetpack_shortlink":"https:\/\/wp.me\/p7mgmt-1vo","_links":{"self":[{"href":"https:\/\/freiburger-schreibkiste.de\/index.php?rest_route=\/wp\/v2\/posts\/5790","targetHints":{"allow":["GET"]}}],"collection":[{"href":"https:\/\/freiburger-schreibkiste.de\/index.php?rest_route=\/wp\/v2\/posts"}],"about":[{"href":"https:\/\/freiburger-schreibkiste.de\/index.php?rest_route=\/wp\/v2\/types\/post"}],"author":[{"embeddable":true,"href":"https:\/\/freiburger-schreibkiste.de\/index.php?rest_route=\/wp\/v2\/users\/2"}],"replies":[{"embeddable":true,"href":"https:\/\/freiburger-schreibkiste.de\/index.php?rest_route=%2Fwp%2Fv2%2Fcomments&post=5790"}],"version-history":[{"count":0,"href":"https:\/\/freiburger-schreibkiste.de\/index.php?rest_route=\/wp\/v2\/posts\/5790\/revisions"}],"wp:attachment":[{"href":"https:\/\/freiburger-schreibkiste.de\/index.php?rest_route=%2Fwp%2Fv2%2Fmedia&parent=5790"}],"wp:term":[{"taxonomy":"category","embeddable":true,"href":"https:\/\/freiburger-schreibkiste.de\/index.php?rest_route=%2Fwp%2Fv2%2Fcategories&post=5790"},{"taxonomy":"post_tag","embeddable":true,"href":"https:\/\/freiburger-schreibkiste.de\/index.php?rest_route=%2Fwp%2Fv2%2Ftags&post=5790"}],"curies":[{"name":"wp","href":"https:\/\/api.w.org\/{rel}","templated":true}]}}