{"id":5637,"date":"2023-10-22T11:05:16","date_gmt":"2023-10-22T09:05:16","guid":{"rendered":"https:\/\/freiburger-schreibkiste.de\/?p=5637"},"modified":"2023-10-22T11:06:17","modified_gmt":"2023-10-22T09:06:17","slug":"alessandra-caratis-romaund-dann-sind-wir-gerettet-erzaehlt-die-geschichte-einer-flucht-aus-bosnien-nach-italien-am-27-november-findet-im-jos-fritz-eine-zweisprachige-lesung-mit-der-autorin-aless","status":"publish","type":"post","link":"https:\/\/freiburger-schreibkiste.de\/?p=5637","title":{"rendered":"Alessandra Caratis Roman &#8222;Und dann sind wir gerettet&#8220; erz\u00e4hlt die Geschichte einer Flucht aus Bosnien nach Italien. Am 27. November findet im jos fritz eine zweisprachige Lesung mit der Autorin Alessandra Carati statt."},"content":{"rendered":"<div class=\"ai1ec-event-header\">\n<div class=\"ai1ec-sas-actions ai1ec-btn-group ai1ec-clearfix\"><\/div>\n<div class=\"ai1ec-event-time\"><\/div>\n<\/div>\n<div class=\"ai1ec-event-summary \">\n<div class=\"ai1ec-event-description\">\n<p>Zweisprachige Lesung und Gespr\u00e4ch mit der Autorin Alessandra Carati und Ruth Mader-Koltay<\/p>\n<p>April 1992. Aida ist gerade sechs Jahre alt, als der Krieg, der Jugoslawien zerst\u00f6ren wird, ihr kleines bosnisches Dorf erreicht. Nach einer abenteuerlichen Flucht schaffen sie und ihre Eltern es bis nach Mailand, wo ihr Bruder Ibro geboren wird. Die Geschwister wachsen in einem fremden Land auf \u2013 in einer Familie, die vom Schmerz \u00fcber die erzwungene Umsiedlung und die Trauer \u00fcber die Toten in der alten Heimat gepr\u00e4gt ist.<\/p>\n<p>\u201eUnd dann sind wir gerettet\u201c (nonsolo, 2023, aus dem Italienischen von Ruth Malder-Koltay) zeigt eindr\u00fccklich die Verw\u00fcstungen, die der Krieg in einem ganzen Volk bis hinein in die Psyche der Einzelnen anrichtet: \u201eIn direktem, schn\u00f6rkellosem Stil setzt sich Alessandra Carati mit den tiefen Wunden des Exils auseinander\u201c (Corriere della Sera). In der Buchhandlung jos fritz spricht die 1974 in Monza geborene Autorin mit ihrer \u00dcbersetzerin.<\/p>\n<p class=\"small\">Mitveranstalter: Buchhandlung jos fritz<\/p>\n<p class=\"small\">Datum: 27.11.2023, 19:30 Uhr<br \/>\nOrt: Buchhandlung jos fritz, Wilhelmstra\u00dfe 15<br \/>\nEintritt: 9\/6 Euro<\/p>\n<p><a href=\"https:\/\/www.reservix.de\/tickets-alessandra-carati-und-dann-sind-wir-gerettet-zweisprachige-lesung-und-gespraech-mit-ruth-mader-koltay-in-freiburg-im-breisgau-buchhandlung-jos-fritz-am-27-11-2023\/e2155568\">Karten kaufen<\/a><\/p>\n<\/div>\n<\/div>\n","protected":false},"excerpt":{"rendered":"<p>Zweisprachige Lesung und Gespr\u00e4ch mit der Autorin Alessandra Carati und Ruth Mader-Koltay April 1992. Aida ist gerade sechs Jahre alt, als der Krieg, der Jugoslawien zerst\u00f6ren wird, ihr kleines bosnisches Dorf erreicht. Nach einer abenteuerlichen Flucht schaffen sie und ihre&#8230;<\/p>\n","protected":false},"author":2,"featured_media":0,"comment_status":"closed","ping_status":"open","sticky":false,"template":"","format":"standard","meta":{"jetpack_post_was_ever_published":false,"_jetpack_newsletter_access":"","_jetpack_dont_email_post_to_subs":false,"_jetpack_newsletter_tier_id":0,"_jetpack_memberships_contains_paywalled_content":false,"_jetpack_memberships_contains_paid_content":false,"footnotes":"","jetpack_publicize_message":"","jetpack_publicize_feature_enabled":true,"jetpack_social_post_already_shared":true,"jetpack_social_options":{"image_generator_settings":{"template":"highway","default_image_id":0,"font":"","enabled":false},"version":2}},"categories":[1],"tags":[],"class_list":["post-5637","post","type-post","status-publish","format-standard","hentry","category-nachrichten"],"jetpack_publicize_connections":[],"jetpack_featured_media_url":"","jetpack_sharing_enabled":true,"jetpack_shortlink":"https:\/\/wp.me\/p7mgmt-1sV","_links":{"self":[{"href":"https:\/\/freiburger-schreibkiste.de\/index.php?rest_route=\/wp\/v2\/posts\/5637","targetHints":{"allow":["GET"]}}],"collection":[{"href":"https:\/\/freiburger-schreibkiste.de\/index.php?rest_route=\/wp\/v2\/posts"}],"about":[{"href":"https:\/\/freiburger-schreibkiste.de\/index.php?rest_route=\/wp\/v2\/types\/post"}],"author":[{"embeddable":true,"href":"https:\/\/freiburger-schreibkiste.de\/index.php?rest_route=\/wp\/v2\/users\/2"}],"replies":[{"embeddable":true,"href":"https:\/\/freiburger-schreibkiste.de\/index.php?rest_route=%2Fwp%2Fv2%2Fcomments&post=5637"}],"version-history":[{"count":0,"href":"https:\/\/freiburger-schreibkiste.de\/index.php?rest_route=\/wp\/v2\/posts\/5637\/revisions"}],"wp:attachment":[{"href":"https:\/\/freiburger-schreibkiste.de\/index.php?rest_route=%2Fwp%2Fv2%2Fmedia&parent=5637"}],"wp:term":[{"taxonomy":"category","embeddable":true,"href":"https:\/\/freiburger-schreibkiste.de\/index.php?rest_route=%2Fwp%2Fv2%2Fcategories&post=5637"},{"taxonomy":"post_tag","embeddable":true,"href":"https:\/\/freiburger-schreibkiste.de\/index.php?rest_route=%2Fwp%2Fv2%2Ftags&post=5637"}],"curies":[{"name":"wp","href":"https:\/\/api.w.org\/{rel}","templated":true}]}}