{"id":5620,"date":"2023-10-13T09:54:15","date_gmt":"2023-10-13T07:54:15","guid":{"rendered":"https:\/\/freiburger-schreibkiste.de\/?p=5620"},"modified":"2023-10-13T09:54:15","modified_gmt":"2023-10-13T07:54:15","slug":"ueber-israel-reden-lesung-und-gespraech-mit-meron-mendel-und-livia-gerster-am-25-oktober-im-literaturhaus-freiburg","status":"publish","type":"post","link":"https:\/\/freiburger-schreibkiste.de\/?p=5620","title":{"rendered":"\u00dcber Israel reden. Lesung und Gespr\u00e4ch mit Meron Mendel und Livia Gerster, am 25. Oktober im Literaturhaus Freiburg."},"content":{"rendered":"<div class=\"ai1ec-event-summary \">\n<div class=\"ai1ec-event-description\">\n<p>\u00dcber kaum ein anderes Land wird in Deutschland so viel geredet und gestritten: Zu Israel hat jede*r eine Meinung. Warum ist das so? Wieso hat der Nahostkonflikt eine solche Bedeutung? Und warum ist die Debatte so emotional \u2013 und oft so vergiftet? Als Meron Mendel vor zwanzig Jahren nach Deutschland kam, war er \u00fcberrascht von der Rolle seines Heimatlands im \u00f6ffentlichen Diskurs. Schon damals konnten nahezu alle, mit denen er sprach, klare Positionen zu Israel und seiner Politik formulieren. Heute werden die Debatten noch heftiger gef\u00fchrt.<\/p>\n<p>\u00dcber seinen Bestseller \u201e\u00dcber Israel reden\u201c (Kiepenheuer &amp; Witsch, 2023) und dar\u00fcber, wie das Verh\u00e4ltnis zu Israel und zum Nahostkonflikt in Deutschland verhandelt wird, spricht der Leiter der Bildungsst\u00e4tte Anne Frank und Professor f\u00fcr transnationale Soziale Arbeit mit der Politikjournalistin Livia Gerster (FAS) in unserer Reihe \u201eGegenworte\u201c.<\/p>\n<p class=\"small\">Mitveranstalter: Dokumentationszentrum Nationalsozialismus Freiburg, Gedenkst\u00e4ttenverbund S\u00fcdlicher Oberrhein<\/p>\n<p class=\"small\">Kooperationspartner: Colloquium Politicum der Universit\u00e4t Freiburg, Egalit\u00e4re J\u00fcdische Chawurah Gescher Freiburg e.V., Evangelische Erwachsenenbildung Freiburg, Freundeskreis Freiburg-Tel Aviv-Yafo e.V., Buchhandlung jos fritz, Landeszentrale f\u00fcr politische Bildung, Au\u00dfenstelle Freiburg<\/p>\n<p class=\"small\">Datum: 25.10.2023, 19:30 Uhr<br \/>\nOrt: Literaturhaus Freiburg, Bertoldstra\u00dfe 17<br \/>\nEintritt: 9\/6 Euro<\/p>\n<p><a href=\"https:\/\/www.reservix.de\/tickets-meron-mendel-ueber-israel-reden-lesung-und-gespraech-mit-livia-gerster-in-freiburg-im-breisgau-literaturhaus-freiburg-am-25-10-2023\/e2155547\">Karten kaufen<\/a><\/p>\n<\/div>\n<\/div>\n","protected":false},"excerpt":{"rendered":"<p>\u00dcber kaum ein anderes Land wird in Deutschland so viel geredet und gestritten: Zu Israel hat jede*r eine Meinung. Warum ist das so? Wieso hat der Nahostkonflikt eine solche Bedeutung? Und warum ist die Debatte so emotional \u2013 und oft&#8230;<\/p>\n","protected":false},"author":2,"featured_media":0,"comment_status":"closed","ping_status":"open","sticky":false,"template":"","format":"standard","meta":{"jetpack_post_was_ever_published":false,"_jetpack_newsletter_access":"","_jetpack_dont_email_post_to_subs":false,"_jetpack_newsletter_tier_id":0,"_jetpack_memberships_contains_paywalled_content":false,"_jetpack_memberships_contains_paid_content":false,"footnotes":"","jetpack_publicize_message":"","jetpack_publicize_feature_enabled":true,"jetpack_social_post_already_shared":true,"jetpack_social_options":{"image_generator_settings":{"template":"highway","default_image_id":0,"font":"","enabled":false},"version":2}},"categories":[1],"tags":[],"class_list":["post-5620","post","type-post","status-publish","format-standard","hentry","category-nachrichten"],"jetpack_publicize_connections":[],"jetpack_featured_media_url":"","jetpack_sharing_enabled":true,"jetpack_shortlink":"https:\/\/wp.me\/p7mgmt-1sE","_links":{"self":[{"href":"https:\/\/freiburger-schreibkiste.de\/index.php?rest_route=\/wp\/v2\/posts\/5620","targetHints":{"allow":["GET"]}}],"collection":[{"href":"https:\/\/freiburger-schreibkiste.de\/index.php?rest_route=\/wp\/v2\/posts"}],"about":[{"href":"https:\/\/freiburger-schreibkiste.de\/index.php?rest_route=\/wp\/v2\/types\/post"}],"author":[{"embeddable":true,"href":"https:\/\/freiburger-schreibkiste.de\/index.php?rest_route=\/wp\/v2\/users\/2"}],"replies":[{"embeddable":true,"href":"https:\/\/freiburger-schreibkiste.de\/index.php?rest_route=%2Fwp%2Fv2%2Fcomments&post=5620"}],"version-history":[{"count":0,"href":"https:\/\/freiburger-schreibkiste.de\/index.php?rest_route=\/wp\/v2\/posts\/5620\/revisions"}],"wp:attachment":[{"href":"https:\/\/freiburger-schreibkiste.de\/index.php?rest_route=%2Fwp%2Fv2%2Fmedia&parent=5620"}],"wp:term":[{"taxonomy":"category","embeddable":true,"href":"https:\/\/freiburger-schreibkiste.de\/index.php?rest_route=%2Fwp%2Fv2%2Fcategories&post=5620"},{"taxonomy":"post_tag","embeddable":true,"href":"https:\/\/freiburger-schreibkiste.de\/index.php?rest_route=%2Fwp%2Fv2%2Ftags&post=5620"}],"curies":[{"name":"wp","href":"https:\/\/api.w.org\/{rel}","templated":true}]}}