{"id":1184,"date":"2017-01-12T15:30:22","date_gmt":"2017-01-12T14:30:22","guid":{"rendered":"http:\/\/freiburger-schreibkiste.de\/?p=1184"},"modified":"2017-01-14T11:31:25","modified_gmt":"2017-01-14T10:31:25","slug":"die-internationale-kulturboerse-freiburg-das-grosse-branchentreffen-fuer-kulturschaffende-aller-sparten-bietet-vom-22-bis-25-januar-auch-zahlreiche-informationen-und-events-fuer-wortkuenstler","status":"publish","type":"post","link":"https:\/\/freiburger-schreibkiste.de\/?p=1184","title":{"rendered":"Die &#8222;Internationale Kulturb\u00f6rse Freiburg&#8220; bietet vom 22. bis 25. Januar auch viele Informationen und Veranstaltungen f\u00fcr Wortk\u00fcnstler und Literaturliebhaber."},"content":{"rendered":"<p><img loading=\"lazy\" decoding=\"async\" class=\"alignright size-medium wp-image-1186\" src=\"http:\/\/freiburger-schreibkiste.de\/wp-content\/uploads\/2017\/01\/kulturb\u00f6rse-image_preview-300x238.jpg\" alt=\"\" width=\"300\" height=\"238\" srcset=\"https:\/\/freiburger-schreibkiste.de\/wp-content\/uploads\/2017\/01\/kulturb\u00f6rse-image_preview-300x238.jpg 300w, https:\/\/freiburger-schreibkiste.de\/wp-content\/uploads\/2017\/01\/kulturb\u00f6rse-image_preview.jpg 400w\" sizes=\"auto, (max-width: 300px) 100vw, 300px\" \/>&#8222;Unsere B\u00f6rse ist <em>der <\/em>Ort f\u00fcr Kulturschaffende&#8220;, stellte Projektleiter Holger Thiemann selbstbewusst fest. Und sie ist noch einmal gewachsen: Fast 400 Aussteller tummeln sich auf der erweiterten Ausstellungsfl\u00e4che. Daneben gehen \u00fcber 150 Auftritte, 14 Specials, 7 Publikumsangebote, 8 Sonderschauen, 9 Pr\u00e4sentationen und 10 Seminare \u00fcber die gro\u00dfen und kleinen B\u00fchnen. Die\u00a0 Internationale\u00a0 Fachmesse\u00a0 f\u00fcr\u00a0 B\u00fchnenproduktionen, Musik und Events auf dem Messegel\u00e4nde Freiburg bietet auch dieses Jahr wieder zahlreiche\u00a0 Live-Auftritte mit K\u00fcnstlerinnen\u00a0 und\u00a0 K\u00fcnstlern\u00a0 aus\u00a0 25\u00a0 L\u00e4ndern und ein umfangreiches\u00a0 Rahmenprogramm. Die Opening-Gala findet am 22. Januar statt und wurde damit zum ersten Mal auf einen Sonntagabend vorgezogen. &#8222;Wir treten gegen den Tatort an!&#8220;, verk\u00fcndete FWTM-Gesch\u00e4ftsf\u00fchrer Daniel Strowitzky.<\/p>\n<p>Neben viel Musik und Show kommt auch die Wortkunst nicht zu kurz. Der darstellenden Kunst widmen sich vor allem zahlreiche Aussteller in Halle 2, in der sich verschiedenste theatralische Produktionen, Kabarett und Comedy, aber auch viele Agenturen und andere Kulturdienstleister pr\u00e4sentieren. Einen neuen Boom gibt es laut Holger Thiemann auch im Liedermacher-Bereich.<\/p>\n<p>Am Dienstag, den 24. Januar, ist dann ein ganzer Abend dem Poetry Slam gewidmet. Unter anderem treten auf: Julian Heun, der zweifache deutschsprachige Meister im Poetry Slam, &#8222;gro\u00dfraumdichten&#8220; alias Pauline F\u00fcg und Tobias Heyel und der Moderator Felix R\u00f6mer.<\/p>\n<p>N\u00e4here Informationen und Preise unter <a href=\"http:\/\/www.kulturboerse.de\">www.kulturboerse.de. <\/a><\/p>\n<p>&nbsp;<\/p>\n","protected":false},"excerpt":{"rendered":"<p>&#8222;Unsere B\u00f6rse ist der Ort f\u00fcr Kulturschaffende&#8220;, stellte Projektleiter Holger Thiemann selbstbewusst fest. Und sie ist noch einmal gewachsen: Fast 400 Aussteller tummeln sich auf der erweiterten Ausstellungsfl\u00e4che. Daneben gehen \u00fcber 150 Auftritte, 14 Specials, 7 Publikumsangebote, 8 Sonderschauen, 9&#8230;<\/p>\n","protected":false},"author":2,"featured_media":0,"comment_status":"open","ping_status":"open","sticky":false,"template":"","format":"standard","meta":{"jetpack_post_was_ever_published":false,"_jetpack_newsletter_access":"","_jetpack_dont_email_post_to_subs":false,"_jetpack_newsletter_tier_id":0,"_jetpack_memberships_contains_paywalled_content":false,"_jetpack_memberships_contains_paid_content":false,"footnotes":"","jetpack_publicize_message":"","jetpack_publicize_feature_enabled":true,"jetpack_social_post_already_shared":true,"jetpack_social_options":{"image_generator_settings":{"template":"highway","default_image_id":0,"font":"","enabled":false},"version":2}},"categories":[1],"tags":[],"class_list":["post-1184","post","type-post","status-publish","format-standard","hentry","category-nachrichten"],"jetpack_publicize_connections":[],"jetpack_featured_media_url":"","jetpack_sharing_enabled":true,"jetpack_shortlink":"https:\/\/wp.me\/p7mgmt-j6","_links":{"self":[{"href":"https:\/\/freiburger-schreibkiste.de\/index.php?rest_route=\/wp\/v2\/posts\/1184","targetHints":{"allow":["GET"]}}],"collection":[{"href":"https:\/\/freiburger-schreibkiste.de\/index.php?rest_route=\/wp\/v2\/posts"}],"about":[{"href":"https:\/\/freiburger-schreibkiste.de\/index.php?rest_route=\/wp\/v2\/types\/post"}],"author":[{"embeddable":true,"href":"https:\/\/freiburger-schreibkiste.de\/index.php?rest_route=\/wp\/v2\/users\/2"}],"replies":[{"embeddable":true,"href":"https:\/\/freiburger-schreibkiste.de\/index.php?rest_route=%2Fwp%2Fv2%2Fcomments&post=1184"}],"version-history":[{"count":0,"href":"https:\/\/freiburger-schreibkiste.de\/index.php?rest_route=\/wp\/v2\/posts\/1184\/revisions"}],"wp:attachment":[{"href":"https:\/\/freiburger-schreibkiste.de\/index.php?rest_route=%2Fwp%2Fv2%2Fmedia&parent=1184"}],"wp:term":[{"taxonomy":"category","embeddable":true,"href":"https:\/\/freiburger-schreibkiste.de\/index.php?rest_route=%2Fwp%2Fv2%2Fcategories&post=1184"},{"taxonomy":"post_tag","embeddable":true,"href":"https:\/\/freiburger-schreibkiste.de\/index.php?rest_route=%2Fwp%2Fv2%2Ftags&post=1184"}],"curies":[{"name":"wp","href":"https:\/\/api.w.org\/{rel}","templated":true}]}}