{"id":1177,"date":"2017-01-09T10:22:44","date_gmt":"2017-01-09T09:22:44","guid":{"rendered":"http:\/\/freiburger-schreibkiste.de\/?p=1177"},"modified":"2017-01-09T10:22:44","modified_gmt":"2017-01-09T09:22:44","slug":"achtung-neuer-termin-die-lesung-allahs-zorn-im-garten-europas-findet-am-donnerstag-den-12-januar-im-centre-culturel-francais-statt","status":"publish","type":"post","link":"https:\/\/freiburger-schreibkiste.de\/?p=1177","title":{"rendered":"Achtung neuer Termin: Die Lesung &#8222;Allahs Zorn im Garten Europas&#8220; findet am Donnerstag, den 12. Januar im Centre Culturel Francais statt."},"content":{"rendered":"<p><img loading=\"lazy\" decoding=\"async\" class=\"alignright size-medium wp-image-1179\" src=\"http:\/\/freiburger-schreibkiste.de\/wp-content\/uploads\/2017\/01\/image001-197x300.png\" alt=\"\" width=\"197\" height=\"300\" srcset=\"https:\/\/freiburger-schreibkiste.de\/wp-content\/uploads\/2017\/01\/image001-197x300.png 197w, https:\/\/freiburger-schreibkiste.de\/wp-content\/uploads\/2017\/01\/image001.png 575w\" sizes=\"auto, (max-width: 197px) 100vw, 197px\" \/>Die Lesung &#8222;Allahs Zorn im Garten Europas&#8220; musste wegen der Kollision mit einer anderen Veranstaltung auf den Donnerstag, 12. Januar verschoben werden.<\/p>\n<div data-canvas-width=\"39.800000000000004\">\n<div data-canvas-width=\"142.26333333333332\">Lesung mit Winfried Veit<\/div>\n<div data-canvas-width=\"343.06999999999994\">Allahs Zorn im Garten Europas<\/div>\n<div data-canvas-width=\"697.7333333333337\">Donnerstag, den 12. Januar 2017 | 19.30 Uhr<\/div>\n<div data-canvas-width=\"617.4700000000001\">CCFF \u2013 M\u00fcnsterplatz 11 | im Kornhaus \u2013 79098 Freiburg<\/div>\n<div data-canvas-width=\"131.99666666666664\">Eintritt: frei<\/div>\n<div data-canvas-width=\"131.99666666666664\"><\/div>\n<\/div>\n<div data-canvas-width=\"772.7800000000004\">Begleitend zur Lesung gibt es ein Gespr\u00e4ch mit Dr. Dieter von Schr\u00f6tter, Politikwissenschaftler und Nahostexperte, fr\u00fcherer Direktor des Studienhaus Wiesneck.<\/div>\n<div data-canvas-width=\"772.7800000000004\"><\/div>\n<div data-canvas-width=\"104.37999999999998\">Zum Autor:<\/div>\n<div data-canvas-width=\"801.7200000000001\">Winfried Veit, geboren 1946 in Horgen bei Rottweil, ist Politikwissenschaftler und<\/div>\n<div data-canvas-width=\"801.6800000000009\">Publizist. Nach journalistischen Erfahrungen in Karlsruhe und Berlin war er lange Zeit in<\/div>\n<div data-canvas-width=\"801.6000000000009\">der internationalen Zusammenarbeit t\u00e4tig und verbrachte viele Jahre im Nahen Osten, in<\/div>\n<div data-canvas-width=\"801.0000000000008\">Afrika, Paris und Genf. Sein Hauptinteresse galt dabei der Rolle Europas in der Welt und<\/div>\n<div data-canvas-width=\"801.6800000000004\">dessen Verh\u00e4ltnis zu den Krisenregionen in seiner Nachbarschaft, auch in seiner<\/div>\n<div data-canvas-width=\"801.6600000000009\">historischen Dimension. Heute lebt Veit mit seiner Familie in Freiburg, wo er Au\u00dfen-und<\/div>\n<div data-canvas-width=\"801.520000000001\">Sicherheitspolitik an der Universit\u00e4t und am EU-Center des \u00bbInstitute for the International<\/div>\n<div data-canvas-width=\"801.7800000000009\">Education of Students\u00ab lehrt. Er ist Autor zahlreicher Sachpublikationen zu internationalen<\/div>\n<div data-canvas-width=\"74.42\">Fragen.<\/div>\n<div data-canvas-width=\"124.15666666666668\"><\/div>\n<div class=\"canvasWrapper\"><\/div>\n<div>Zum Buch:<\/div>\n<div data-canvas-width=\"801.540000000001\">Der Stra\u00dfburger Kommissar Graff ist mit der Bek\u00e4mpfung des islamistischen Terrorismus<\/div>\n<div data-canvas-width=\"750.8000000000006\">beauf tragt \u2013 und ger\u00e4t unversehens in ein Netz politischer Verwicklungen, das weit in die<\/div>\n<div data-canvas-width=\"802.0400000000005\">Geschichte zur\u00fcckreicht. Die Rede ist vom spannungsreichen Verh\u00e4ltnis zwischen Orient<\/div>\n<div data-canvas-width=\"771.6200000000006\">und Okzident, vom uralten Kampf zwischen den M\u00e4chten des Lichts und der Finsternis.<\/div>\n<div data-canvas-width=\"801.6800000000011\">Vom Elsa\u00df \u00fcber Venedig und Albanien f\u00fchrt die Spur, die Graff verfolgt, bis in den Nahen<\/div>\n<div data-canvas-width=\"801.2800000000007\">Osten. Er wird nicht nur mit der harten und zugleich faszinierenden Welt der orientalischen<\/div>\n<div data-canvas-width=\"740.5400000000002\">Minderheiten konfrontiert, sondern st\u00f6\u00dft auch auf das Verm\u00e4chtnis von Assassinen und<\/div>\n<div data-canvas-width=\"801.1200000000008\">Templern, das unter j\u00fcdischen Kabbalisten, christlichen Kopten und Maroniten sowie<\/div>\n<div data-canvas-width=\"407.29999999999995\">muslimischen Drusen und Alewiten weiterlebt.<\/div>\n<div data-canvas-width=\"698.2600000000004\">Der Freiburger Autor Winfried Veit stellt mit \u00bbAllahs Zorn im Garten Europas\u00ab hintergr\u00fcndig die komplexen Zusammenh\u00e4nge von Geopolitik und Religionskriegen, Utopien und Historie dar \u2013 und legt mit diesem brisanten Roman zugleich spannende Unterhaltung zwischen kriminalistischen Ermittlungen und orientalischer Glaubenssuche vor.<\/div>\n<div data-canvas-width=\"698.2600000000004\"><\/div>\n<div data-canvas-width=\"582.8600000000001\">\u00bbAllahs Zorn im Garten Europas\u00ab ist Winfried Veits erster Roman.<\/div>\n<p><em>Winfried Veit, Allahs Zorn im Garten Europas. Roman. 296 Seiten, Softcover, 18.00 Euro. ISBN 978-3-7412-1100-3, Collection Montagnola No 34.<\/em><\/p>\n","protected":false},"excerpt":{"rendered":"<p>Die Lesung &#8222;Allahs Zorn im Garten Europas&#8220; musste wegen der Kollision mit einer anderen Veranstaltung auf den Donnerstag, 12. Januar verschoben werden. Lesung mit Winfried Veit Allahs Zorn im Garten Europas Donnerstag, den 12. Januar 2017 | 19.30 Uhr CCFF&#8230;<\/p>\n","protected":false},"author":2,"featured_media":0,"comment_status":"open","ping_status":"open","sticky":false,"template":"","format":"standard","meta":{"jetpack_post_was_ever_published":false,"_jetpack_newsletter_access":"","_jetpack_dont_email_post_to_subs":false,"_jetpack_newsletter_tier_id":0,"_jetpack_memberships_contains_paywalled_content":false,"_jetpack_memberships_contains_paid_content":false,"footnotes":"","jetpack_publicize_message":"","jetpack_publicize_feature_enabled":true,"jetpack_social_post_already_shared":true,"jetpack_social_options":{"image_generator_settings":{"template":"highway","default_image_id":0,"font":"","enabled":false},"version":2}},"categories":[1],"tags":[],"class_list":["post-1177","post","type-post","status-publish","format-standard","hentry","category-nachrichten"],"jetpack_publicize_connections":[],"jetpack_featured_media_url":"","jetpack_sharing_enabled":true,"jetpack_shortlink":"https:\/\/wp.me\/p7mgmt-iZ","_links":{"self":[{"href":"https:\/\/freiburger-schreibkiste.de\/index.php?rest_route=\/wp\/v2\/posts\/1177","targetHints":{"allow":["GET"]}}],"collection":[{"href":"https:\/\/freiburger-schreibkiste.de\/index.php?rest_route=\/wp\/v2\/posts"}],"about":[{"href":"https:\/\/freiburger-schreibkiste.de\/index.php?rest_route=\/wp\/v2\/types\/post"}],"author":[{"embeddable":true,"href":"https:\/\/freiburger-schreibkiste.de\/index.php?rest_route=\/wp\/v2\/users\/2"}],"replies":[{"embeddable":true,"href":"https:\/\/freiburger-schreibkiste.de\/index.php?rest_route=%2Fwp%2Fv2%2Fcomments&post=1177"}],"version-history":[{"count":0,"href":"https:\/\/freiburger-schreibkiste.de\/index.php?rest_route=\/wp\/v2\/posts\/1177\/revisions"}],"wp:attachment":[{"href":"https:\/\/freiburger-schreibkiste.de\/index.php?rest_route=%2Fwp%2Fv2%2Fmedia&parent=1177"}],"wp:term":[{"taxonomy":"category","embeddable":true,"href":"https:\/\/freiburger-schreibkiste.de\/index.php?rest_route=%2Fwp%2Fv2%2Fcategories&post=1177"},{"taxonomy":"post_tag","embeddable":true,"href":"https:\/\/freiburger-schreibkiste.de\/index.php?rest_route=%2Fwp%2Fv2%2Ftags&post=1177"}],"curies":[{"name":"wp","href":"https:\/\/api.w.org\/{rel}","templated":true}]}}