{"id":1123,"date":"2016-12-18T11:01:31","date_gmt":"2016-12-18T10:01:31","guid":{"rendered":"http:\/\/freiburger-schreibkiste.de\/?p=1123"},"modified":"2016-12-18T11:16:21","modified_gmt":"2016-12-18T10:16:21","slug":"haslacher-freitext-die-haslacher-wundertuete-laedt-ab-januar-zu-einem-neuen-und-fuer-alle-offenen-literatur-podium-ein","status":"publish","type":"post","link":"https:\/\/freiburger-schreibkiste.de\/?p=1123","title":{"rendered":"Haslacher FREITEXT: Die  Haslacher  Wundert\u00fcte  l\u00e4dt ab Januar zu einem  neuen  und  f\u00fcr  alle  offenen  Literatur-Podium ein."},"content":{"rendered":"<div class=\"entry-content\"><\/div>\n<div class=\"timely ai1ec-single-event ai1ec-event-id-1091 ai1ec-event-instance-id-832 \">\n<div class=\"ai1ec-event-details ai1ec-clearfix\">\n<div class=\"ai1ec-time ai1ec-row\">\n<div class=\"ai1ec-field-label ai1ec-col-sm-3\"><img loading=\"lazy\" decoding=\"async\" class=\"alignright size-medium wp-image-138\" src=\"http:\/\/freiburger-schreibkiste.de\/wp-content\/uploads\/2016\/03\/Lesung-Zuerich7-300x225.jpg\" alt=\"Lesungsplatz\" width=\"300\" height=\"225\" srcset=\"https:\/\/freiburger-schreibkiste.de\/wp-content\/uploads\/2016\/03\/Lesung-Zuerich7-300x225.jpg 300w, https:\/\/freiburger-schreibkiste.de\/wp-content\/uploads\/2016\/03\/Lesung-Zuerich7-768x577.jpg 768w, https:\/\/freiburger-schreibkiste.de\/wp-content\/uploads\/2016\/03\/Lesung-Zuerich7.jpg 855w\" sizes=\"auto, (max-width: 300px) 100vw, 300px\" \/><\/div>\n<div class=\"ai1ec-field-value ai1ec-col-sm-9 dt-duration\">13. Januar 2017 um 18:30<\/div>\n<\/div>\n<div class=\"ai1ec-location ai1ec-row\">\n<div class=\"ai1ec-field-value ai1ec-col-sm-9 p-location\">Stadtteilbibliothek Haslach<\/div>\n<\/div>\n<div class=\"ai1ec-cost ai1ec-row\">\n<div class=\"ai1ec-field-value ai1ec-col-sm-9\">Preis: kostenlos<\/div>\n<\/div>\n<\/div>\n<\/div>\n<p>Haslacher FREITEXT: Literatur-Podium<br \/>\nDie\u00a0 Haslacher\u00a0 Wundert\u00fcte\u00a0 l\u00e4dt\u00a0 zu\u00a0 einem\u00a0 neuen\u00a0 und\u00a0 f\u00fcr\u00a0 alle\u00a0 offenen\u00a0 Literatur-Podium\u00a0 in\u00a0 Haslach\u00a0 ein.\u00a0 Die B\u00fchne f\u00fcr eigene Texte, Dauer ca. 5 \u2013 10 Minuten, \u00f6ffnet sich zweimonatlich am 2. Freitag im Monat. In Kooperation mit dem Nachbarschaftswerk e.V..<br \/>\nStadtteilbibliothek Haslach, Staudingerstr. 10<\/p>\n<p>Jede\/r kann einfach vorbeikommen und eigene Texte vortragen oder nur zuh\u00f6ren.<\/p>\n<p>Wer wei\u00df, dass er vortragen m\u00f6chte, bitte anmelden unter: <a href=\"mailto:post@haslacher-wundertuete.de\">post@haslacher-wundertuete.de <\/a><\/p>\n<p><a href=\"http:\/\/www.haslacher-wundertuete.de\">www.haslacher-wundertuete.de <\/a><\/p>\n","protected":false},"excerpt":{"rendered":"<p>13. Januar 2017 um 18:30 Stadtteilbibliothek Haslach Preis: kostenlos Haslacher FREITEXT: Literatur-Podium Die\u00a0 Haslacher\u00a0 Wundert\u00fcte\u00a0 l\u00e4dt\u00a0 zu\u00a0 einem\u00a0 neuen\u00a0 und\u00a0 f\u00fcr\u00a0 alle\u00a0 offenen\u00a0 Literatur-Podium\u00a0 in\u00a0 Haslach\u00a0 ein.\u00a0 Die B\u00fchne f\u00fcr eigene Texte, Dauer ca. 5 \u2013 10 Minuten, \u00f6ffnet sich&#8230;<\/p>\n","protected":false},"author":2,"featured_media":0,"comment_status":"open","ping_status":"open","sticky":false,"template":"","format":"standard","meta":{"jetpack_post_was_ever_published":false,"_jetpack_newsletter_access":"","_jetpack_dont_email_post_to_subs":false,"_jetpack_newsletter_tier_id":0,"_jetpack_memberships_contains_paywalled_content":false,"_jetpack_memberships_contains_paid_content":false,"footnotes":"","jetpack_publicize_message":"","jetpack_publicize_feature_enabled":true,"jetpack_social_post_already_shared":true,"jetpack_social_options":{"image_generator_settings":{"template":"highway","default_image_id":0,"font":"","enabled":false},"version":2}},"categories":[1],"tags":[],"class_list":["post-1123","post","type-post","status-publish","format-standard","hentry","category-nachrichten"],"jetpack_publicize_connections":[],"jetpack_featured_media_url":"","jetpack_sharing_enabled":true,"jetpack_shortlink":"https:\/\/wp.me\/p7mgmt-i7","_links":{"self":[{"href":"https:\/\/freiburger-schreibkiste.de\/index.php?rest_route=\/wp\/v2\/posts\/1123","targetHints":{"allow":["GET"]}}],"collection":[{"href":"https:\/\/freiburger-schreibkiste.de\/index.php?rest_route=\/wp\/v2\/posts"}],"about":[{"href":"https:\/\/freiburger-schreibkiste.de\/index.php?rest_route=\/wp\/v2\/types\/post"}],"author":[{"embeddable":true,"href":"https:\/\/freiburger-schreibkiste.de\/index.php?rest_route=\/wp\/v2\/users\/2"}],"replies":[{"embeddable":true,"href":"https:\/\/freiburger-schreibkiste.de\/index.php?rest_route=%2Fwp%2Fv2%2Fcomments&post=1123"}],"version-history":[{"count":0,"href":"https:\/\/freiburger-schreibkiste.de\/index.php?rest_route=\/wp\/v2\/posts\/1123\/revisions"}],"wp:attachment":[{"href":"https:\/\/freiburger-schreibkiste.de\/index.php?rest_route=%2Fwp%2Fv2%2Fmedia&parent=1123"}],"wp:term":[{"taxonomy":"category","embeddable":true,"href":"https:\/\/freiburger-schreibkiste.de\/index.php?rest_route=%2Fwp%2Fv2%2Fcategories&post=1123"},{"taxonomy":"post_tag","embeddable":true,"href":"https:\/\/freiburger-schreibkiste.de\/index.php?rest_route=%2Fwp%2Fv2%2Ftags&post=1123"}],"curies":[{"name":"wp","href":"https:\/\/api.w.org\/{rel}","templated":true}]}}