{"id":1119,"date":"2016-12-14T17:50:12","date_gmt":"2016-12-14T16:50:12","guid":{"rendered":"http:\/\/freiburger-schreibkiste.de\/?p=1119"},"modified":"2016-12-14T17:50:12","modified_gmt":"2016-12-14T16:50:12","slug":"schreibwerkstatt-schreiben-zwischen-den-jahren-mit-dorothee-leidig-vom-27-bis-29-dezember-in-der-kreativwerkstatt","status":"publish","type":"post","link":"https:\/\/freiburger-schreibkiste.de\/?p=1119","title":{"rendered":"Schreibwerkstatt \u201eSchreiben zwischen den Jahren\u201c mit Doroth\u00e9e Leidig vom 27. bis 29. Dezember in der Kreativwerkstatt"},"content":{"rendered":"<div class=\"ai1ec-event-header\">\n<div class=\"ai1ec-sas-actions ai1ec-btn-group ai1ec-clearfix\"><\/div>\n<p><img loading=\"lazy\" decoding=\"async\" class=\"alignright size-medium wp-image-886\" src=\"http:\/\/freiburger-schreibkiste.de\/wp-content\/uploads\/2016\/10\/schreibfueller-300x153.jpg\" alt=\"schreibfueller\" width=\"300\" height=\"153\" srcset=\"https:\/\/freiburger-schreibkiste.de\/wp-content\/uploads\/2016\/10\/schreibfueller-300x153.jpg 300w, https:\/\/freiburger-schreibkiste.de\/wp-content\/uploads\/2016\/10\/schreibfueller.jpg 413w\" sizes=\"auto, (max-width: 300px) 100vw, 300px\" \/>Die Tage zwischen den Jahren haben ihre ganz besondere Stimmung, ihr eigenes Tempo, ein wenig wie aus der Zeit gefallen. Das Eilig-Eilig des vergangenen Jahres kommt zur Ruhe und das neue Jahr ist noch ein wenig schl\u00e4frig. Hier \u00f6ffnet sich ein Raum, in dem sich Perspektiven au\u00dferhalb des Gewohnten anbieten \u2013 ein Raum wie gemacht f\u00fcrs Schreiben.<\/div>\n<div class=\"ai1ec-event-summary \">\n<div class=\"ai1ec-event-description\">\n<p>Die kleine Werkstattreihe zwischen den Jahren \u00f6ffnet eine T\u00fcr, um in diesem Raum zu erkunden, auf welch vielf\u00e4ltige Art sich die Zeit schreibend erfassen und gestalten l\u00e4sst. Dabei bietet sie die Gelegenheit, schreibend auf das ablaufende Jahr zur\u00fcckzublicken und auf das kommende vorauszuschauen.<\/p>\n<p><i>Schreiben zwischen den Jahren<\/i> ist f\u00fcr alle geeignet, die Freude am Schreiben haben. Besondere Kenntnisse oder Schreiberfahrungen sind nicht erforderlich.<br \/>\nDie Werkstatt findet an folgenden Tagen statt:<\/p>\n<ul>\n<li>\n<h3>27.12.16, 16\u201319 Uhr<\/h3>\n<\/li>\n<li>\n<h3>28.12.16, 16\u201319 Uhr<\/h3>\n<\/li>\n<li>\n<h3>29.12.16, 16\u201319 Uhr<\/h3>\n<\/li>\n<\/ul>\n<p>&nbsp;<\/p>\n<p>Alle Termine k\u00f6nnen auch einzeln besucht werden. Anmeldung bitte bis zum 19.12.16 telefonisch oder \u00fcber <img decoding=\"async\" src=\"http:\/\/www.textsieben.de\/bilder\/pfeil-gruen.png\" alt=\"kleiner gr\u00fcner Pfeil\" \/><a href=\"http:\/\/www.textsieben.de\/kontakt.html\">Mail<\/a>. Wenn Sie sich erst nach dem 19.12.16 f\u00fcr eine Teilnahme entscheiden k\u00f6nnen oder wollen, melden Sie sich bitte so fr\u00fch wie m\u00f6glich bei mir <img decoding=\"async\" src=\"http:\/\/www.textsieben.de\/bilder\/pfeil-gruen.png\" alt=\"kleiner gr\u00fcner Pfeil\" \/> (Es k\u00f6nnte sein, dass ein Termin ausf\u00e4llt, wenn es nicht gen\u00fcgend Anmeldungen gibt.)<\/p>\n<p><a href=\"http:\/\/www.textsieben.de\">http:\/\/www.textsieben.de<\/a><\/p>\n<\/div>\n<\/div>\n","protected":false},"excerpt":{"rendered":"<p>Die Tage zwischen den Jahren haben ihre ganz besondere Stimmung, ihr eigenes Tempo, ein wenig wie aus der Zeit gefallen. Das Eilig-Eilig des vergangenen Jahres kommt zur Ruhe und das neue Jahr ist noch ein wenig schl\u00e4frig. Hier \u00f6ffnet sich&#8230;<\/p>\n","protected":false},"author":2,"featured_media":0,"comment_status":"open","ping_status":"open","sticky":false,"template":"","format":"standard","meta":{"jetpack_post_was_ever_published":false,"_jetpack_newsletter_access":"","_jetpack_dont_email_post_to_subs":false,"_jetpack_newsletter_tier_id":0,"_jetpack_memberships_contains_paywalled_content":false,"_jetpack_memberships_contains_paid_content":false,"footnotes":"","jetpack_publicize_message":"","jetpack_publicize_feature_enabled":true,"jetpack_social_post_already_shared":true,"jetpack_social_options":{"image_generator_settings":{"template":"highway","default_image_id":0,"font":"","enabled":false},"version":2}},"categories":[1],"tags":[],"class_list":["post-1119","post","type-post","status-publish","format-standard","hentry","category-nachrichten"],"jetpack_publicize_connections":[],"jetpack_featured_media_url":"","jetpack_sharing_enabled":true,"jetpack_shortlink":"https:\/\/wp.me\/p7mgmt-i3","_links":{"self":[{"href":"https:\/\/freiburger-schreibkiste.de\/index.php?rest_route=\/wp\/v2\/posts\/1119","targetHints":{"allow":["GET"]}}],"collection":[{"href":"https:\/\/freiburger-schreibkiste.de\/index.php?rest_route=\/wp\/v2\/posts"}],"about":[{"href":"https:\/\/freiburger-schreibkiste.de\/index.php?rest_route=\/wp\/v2\/types\/post"}],"author":[{"embeddable":true,"href":"https:\/\/freiburger-schreibkiste.de\/index.php?rest_route=\/wp\/v2\/users\/2"}],"replies":[{"embeddable":true,"href":"https:\/\/freiburger-schreibkiste.de\/index.php?rest_route=%2Fwp%2Fv2%2Fcomments&post=1119"}],"version-history":[{"count":0,"href":"https:\/\/freiburger-schreibkiste.de\/index.php?rest_route=\/wp\/v2\/posts\/1119\/revisions"}],"wp:attachment":[{"href":"https:\/\/freiburger-schreibkiste.de\/index.php?rest_route=%2Fwp%2Fv2%2Fmedia&parent=1119"}],"wp:term":[{"taxonomy":"category","embeddable":true,"href":"https:\/\/freiburger-schreibkiste.de\/index.php?rest_route=%2Fwp%2Fv2%2Fcategories&post=1119"},{"taxonomy":"post_tag","embeddable":true,"href":"https:\/\/freiburger-schreibkiste.de\/index.php?rest_route=%2Fwp%2Fv2%2Ftags&post=1119"}],"curies":[{"name":"wp","href":"https:\/\/api.w.org\/{rel}","templated":true}]}}